{"id":17182,"date":"2024-02-01T10:41:59","date_gmt":"2024-02-01T10:41:59","guid":{"rendered":"https:\/\/www.notijalapa.net\/noticias\/?p=17182"},"modified":"2024-02-01T10:53:09","modified_gmt":"2024-02-01T10:53:09","slug":"pmt-es-responsable-de-incremento-de-accidentes-de-transito","status":"publish","type":"post","link":"https:\/\/www.notijalapa.net\/noticias\/2024\/02\/01\/pmt-es-responsable-de-incremento-de-accidentes-de-transito\/","title":{"rendered":"PMT es responsable de incremento de accidentes de tr\u00e1nsito"},"content":{"rendered":"<p>Han supervisado a la Polic\u00eda Municipal de Tr\u00e1nsito de Jalapa, se emitieron las recomendaciones oportunas al se\u00f1or alcalde Alfredo Sandoval en ese momento y director de la PMT, en tanto las constantes denuncias y preocupaci\u00f3n de los vecinos por el incremento de los accidentes de tr\u00e1nsito, seg\u00fan lo manifestado por la Licda. Cecilia Isabel Aguirre Auxiliar del Procurador de los Derechos Humanos.<\/p>\n<p><a href=\"https:\/\/www.notijalapa.net\/noticias\/2024\/02\/01\/buscan-llevar-la-palabra-de-dios-pero-que-los-feligreses-no-tengan-el-estomago-vacio\/\">MIRA: Buscan llevar la palabra de Dios, pero que los feligreses no tengan el est\u00f3mago vac\u00edo<\/a><\/p>\n<p>Han solicitado a la PMT m\u00e1s informaci\u00f3n, que revisen las se\u00f1ales de tr\u00e1nsito existentes en el departamento, pero tambi\u00e9n el compromiso interinstitucional de asegurar que la poblaci\u00f3n conozca las leyes de tr\u00e1nsito y a trav\u00e9s de un proceso formativo se llegue a las personas.<\/p>\n<p><iframe loading=\"lazy\" title=\"PMT es responsable de incremento de accidentes de tr\u00e1nsito\" width=\"640\" height=\"360\" src=\"https:\/\/www.youtube.com\/embed\/PNsN2wLDzmo?feature=oembed\" frameborder=\"0\" allow=\"accelerometer; autoplay; clipboard-write; encrypted-media; gyroscope; picture-in-picture; web-share\" referrerpolicy=\"strict-origin-when-cross-origin\" allowfullscreen><\/iframe><\/p>\n<p>Muchas veces este conocimiento no est\u00e1 instalado en los j\u00f3venes y las personas que usan alg\u00fan veh\u00edculo, por lo tanto, el incremento de los accidentes de tr\u00e1nsito es responsabilidad de la Polic\u00eda Municipal de Transito de dar una serie de capacitaciones e informaci\u00f3n a todas las personas, concluyo Aguirre.<\/p>\n<p style=\"text-align: center;\"><iframe loading=\"lazy\" style=\"border: none; overflow: hidden;\" src=\"https:\/\/www.facebook.com\/plugins\/post.php?href=https%3A%2F%2Fwww.facebook.com%2Fpermalink.php%3Fstory_fbid%3Dpfbid02wtt5vjbXuBMN8EEivUAL16Jsk41xKNRU6VoZNtGDakRHHfoMZW44d35XLmyYL7hJl%26id%3D100083158940816&amp;show_text=true&amp;width=500\" width=\"500\" height=\"774\" frameborder=\"0\" scrolling=\"no\" allowfullscreen=\"allowfullscreen\"><\/iframe><\/p>\n","protected":false},"excerpt":{"rendered":"<p>Han supervisado a la Polic\u00eda Municipal de Tr\u00e1nsito de Jalapa, se emitieron las recomendaciones oportunas al se\u00f1or alcalde Alfredo Sandoval en ese momento y director de la PMT, en tanto las constantes denuncias y preocupaci\u00f3n de los vecinos por el incremento de los accidentes de tr\u00e1nsito, seg\u00fan lo manifestado por la Licda. Cecilia Isabel Aguirre Auxiliar del Procurador de los Derechos Humanos. MIRA: Buscan llevar la palabra de Dios, pero que los feligreses no tengan el est\u00f3mago vac\u00edo Han solicitado a la PMT m\u00e1s informaci\u00f3n, que revisen las se\u00f1ales de&hellip;<\/p>\n","protected":false},"author":2,"featured_media":17177,"comment_status":"open","ping_status":"open","sticky":false,"template":"","format":"standard","meta":{"footnotes":""},"categories":[3],"tags":[2674,5694],"class_list":["post-17182","post","type-post","status-publish","format-standard","has-post-thumbnail","hentry","category-locales","tag-de-accidentes-de-transito","tag-pmt-es-responsable-de-incremento"],"gutentor_comment":0,"_links":{"self":[{"href":"https:\/\/www.notijalapa.net\/noticias\/wp-json\/wp\/v2\/posts\/17182","targetHints":{"allow":["GET"]}}],"collection":[{"href":"https:\/\/www.notijalapa.net\/noticias\/wp-json\/wp\/v2\/posts"}],"about":[{"href":"https:\/\/www.notijalapa.net\/noticias\/wp-json\/wp\/v2\/types\/post"}],"author":[{"embeddable":true,"href":"https:\/\/www.notijalapa.net\/noticias\/wp-json\/wp\/v2\/users\/2"}],"replies":[{"embeddable":true,"href":"https:\/\/www.notijalapa.net\/noticias\/wp-json\/wp\/v2\/comments?post=17182"}],"version-history":[{"count":2,"href":"https:\/\/www.notijalapa.net\/noticias\/wp-json\/wp\/v2\/posts\/17182\/revisions"}],"predecessor-version":[{"id":17194,"href":"https:\/\/www.notijalapa.net\/noticias\/wp-json\/wp\/v2\/posts\/17182\/revisions\/17194"}],"wp:featuredmedia":[{"embeddable":true,"href":"https:\/\/www.notijalapa.net\/noticias\/wp-json\/wp\/v2\/media\/17177"}],"wp:attachment":[{"href":"https:\/\/www.notijalapa.net\/noticias\/wp-json\/wp\/v2\/media?parent=17182"}],"wp:term":[{"taxonomy":"category","embeddable":true,"href":"https:\/\/www.notijalapa.net\/noticias\/wp-json\/wp\/v2\/categories?post=17182"},{"taxonomy":"post_tag","embeddable":true,"href":"https:\/\/www.notijalapa.net\/noticias\/wp-json\/wp\/v2\/tags?post=17182"}],"curies":[{"name":"wp","href":"https:\/\/api.w.org\/{rel}","templated":true}]}}