{"id":16812,"date":"2024-01-10T12:40:22","date_gmt":"2024-01-10T12:40:22","guid":{"rendered":"https:\/\/www.notijalapa.net\/noticias\/?p=16812"},"modified":"2024-01-10T12:58:47","modified_gmt":"2024-01-10T12:58:47","slug":"dias-calidos-y-noches-frias-para-esta-semana","status":"publish","type":"post","link":"https:\/\/www.notijalapa.net\/noticias\/2024\/01\/10\/dias-calidos-y-noches-frias-para-esta-semana\/","title":{"rendered":"D\u00edas c\u00e1lidos y noches fr\u00edas para esta semana"},"content":{"rendered":"<p>Para esta semana se tendr\u00e1n d\u00edas c\u00e1lidos seg\u00fan los pron\u00f3sticos del insivumeh, la temperatura estar\u00e1 en el d\u00eda entre los 24 a 28 grados cent\u00edgrados, aunque el frio prevalecer\u00e1 entre la tarde y noche seg\u00fan lo indicado por el Lic. \u00c1lvaro Garc\u00eda delegado de CONRED.<\/p>\n<p><a href=\"https:\/\/www.notijalapa.net\/noticias\/2024\/01\/10\/renuevan-los-contratos-de-los-trabajadores-de-salud-sin-problemas\/\">MIRA: Renuevan los contratos de los trabajadores de salud sin problemas<\/a><\/p>\n<p>Las nevadas y frentes fr\u00edos que est\u00e1n ocurriendo en Estados Unidos y M\u00e9xico tambi\u00e9n afectan a Guatemala y Jalapa no es la excepci\u00f3n porque se sienten en parte del territorio nacional m\u00e1s en las partes altas, agreg\u00f3.<\/p>\n<p><iframe loading=\"lazy\" title=\"D\u00edas c\u00e1lidos y noches fr\u00edas para esta semana\" width=\"640\" height=\"360\" src=\"https:\/\/www.youtube.com\/embed\/lCOUQEtbZRI?feature=oembed\" frameborder=\"0\" allow=\"accelerometer; autoplay; clipboard-write; encrypted-media; gyroscope; picture-in-picture; web-share\" referrerpolicy=\"strict-origin-when-cross-origin\" allowfullscreen><\/iframe><\/p>\n<p>Los municipios m\u00e1s afectados de Jalapa son Mataquescuintla, San Carlos Alzatate y la cabecera departamental, esto por las partes altas con las que cuenta la morena climatol\u00f3gica de oriente.<\/p>\n<p style=\"text-align: center;\"><iframe loading=\"lazy\" style=\"border: none; overflow: hidden;\" src=\"https:\/\/www.facebook.com\/plugins\/post.php?href=https%3A%2F%2Fwww.facebook.com%2Fpermalink.php%3Fstory_fbid%3Dpfbid036QcDyBChi6b8JySWzyC4XDLnMDpsMZyRkDC5DSDt5eCZdKJZFHDp24UXRx3fxuLdl%26id%3D100083158940816&amp;show_text=true&amp;width=500\" width=\"500\" height=\"250\" frameborder=\"0\" scrolling=\"no\" allowfullscreen=\"allowfullscreen\"><\/iframe><\/p>\n","protected":false},"excerpt":{"rendered":"<p>Para esta semana se tendr\u00e1n d\u00edas c\u00e1lidos seg\u00fan los pron\u00f3sticos del insivumeh, la temperatura estar\u00e1 en el d\u00eda entre los 24 a 28 grados cent\u00edgrados, aunque el frio prevalecer\u00e1 entre la tarde y noche seg\u00fan lo indicado por el Lic. \u00c1lvaro Garc\u00eda delegado de CONRED. MIRA: Renuevan los contratos de los trabajadores de salud sin problemas Las nevadas y frentes fr\u00edos que est\u00e1n ocurriendo en Estados Unidos y M\u00e9xico tambi\u00e9n afectan a Guatemala y Jalapa no es la excepci\u00f3n porque se sienten en parte del territorio nacional m\u00e1s en las&hellip;<\/p>\n","protected":false},"author":2,"featured_media":16807,"comment_status":"open","ping_status":"open","sticky":false,"template":"","format":"standard","meta":{"footnotes":""},"categories":[3],"tags":[5532,3876],"class_list":["post-16812","post","type-post","status-publish","format-standard","has-post-thumbnail","hentry","category-locales","tag-dias-calidos-y-noches-frias","tag-para-esta-semana"],"gutentor_comment":0,"_links":{"self":[{"href":"https:\/\/www.notijalapa.net\/noticias\/wp-json\/wp\/v2\/posts\/16812","targetHints":{"allow":["GET"]}}],"collection":[{"href":"https:\/\/www.notijalapa.net\/noticias\/wp-json\/wp\/v2\/posts"}],"about":[{"href":"https:\/\/www.notijalapa.net\/noticias\/wp-json\/wp\/v2\/types\/post"}],"author":[{"embeddable":true,"href":"https:\/\/www.notijalapa.net\/noticias\/wp-json\/wp\/v2\/users\/2"}],"replies":[{"embeddable":true,"href":"https:\/\/www.notijalapa.net\/noticias\/wp-json\/wp\/v2\/comments?post=16812"}],"version-history":[{"count":2,"href":"https:\/\/www.notijalapa.net\/noticias\/wp-json\/wp\/v2\/posts\/16812\/revisions"}],"predecessor-version":[{"id":16828,"href":"https:\/\/www.notijalapa.net\/noticias\/wp-json\/wp\/v2\/posts\/16812\/revisions\/16828"}],"wp:featuredmedia":[{"embeddable":true,"href":"https:\/\/www.notijalapa.net\/noticias\/wp-json\/wp\/v2\/media\/16807"}],"wp:attachment":[{"href":"https:\/\/www.notijalapa.net\/noticias\/wp-json\/wp\/v2\/media?parent=16812"}],"wp:term":[{"taxonomy":"category","embeddable":true,"href":"https:\/\/www.notijalapa.net\/noticias\/wp-json\/wp\/v2\/categories?post=16812"},{"taxonomy":"post_tag","embeddable":true,"href":"https:\/\/www.notijalapa.net\/noticias\/wp-json\/wp\/v2\/tags?post=16812"}],"curies":[{"name":"wp","href":"https:\/\/api.w.org\/{rel}","templated":true}]}}