{"id":16229,"date":"2023-12-01T12:33:08","date_gmt":"2023-12-01T12:33:08","guid":{"rendered":"https:\/\/www.notijalapa.net\/noticias\/?p=16229"},"modified":"2023-12-01T12:42:25","modified_gmt":"2023-12-01T12:42:25","slug":"fue-atropellado-por-un-vehiculo-y-resulto-con-una-herida-en-el-craneo","status":"publish","type":"post","link":"https:\/\/www.notijalapa.net\/noticias\/2023\/12\/01\/fue-atropellado-por-un-vehiculo-y-resulto-con-una-herida-en-el-craneo\/","title":{"rendered":"Fue atropellado por un veh\u00edculo y resulto con una herida en el cr\u00e1neo"},"content":{"rendered":"<p>Bomberos Voluntarios fueron informados de un accidente de tr\u00e1nsito en la ruta que de Jalapa conduce al municipio de Mataquescuintla, a la altura de la Colonia Los Laureles, al llegar al lugar atendieron a Hern\u00e1ndez Reyes; de 24 a\u00f1os.<\/p>\n<p><a href=\"https:\/\/www.notijalapa.net\/noticias\/2023\/12\/01\/estan-en-el-proceso-de-compra-de-un-tomografo-para-el-hospital\/\">MIRA: Est\u00e1n en el proceso de compra de un tom\u00f3grafo para el hospital<\/a><\/p>\n<p>Seg\u00fan Cesar Vela portavoz de Bomberos Voluntarios, esta persona presentaba una herida cortante en la regi\u00f3n del cr\u00e1neo, mismas que le ocasionaron cuando se conduc\u00eda en una motocicleta y por causas que se desconocen fuera atropellado por un veh\u00edculo particular.<\/p>\n<p><iframe loading=\"lazy\" title=\"Fue atropellado por un veh\u00edculo y resulto con una herida en el cr\u00e1neo\" width=\"640\" height=\"360\" src=\"https:\/\/www.youtube.com\/embed\/uTfQR7I0d-I?feature=oembed\" frameborder=\"0\" allow=\"accelerometer; autoplay; clipboard-write; encrypted-media; gyroscope; picture-in-picture; web-share\" referrerpolicy=\"strict-origin-when-cross-origin\" allowfullscreen><\/iframe><\/p>\n<p>Fue estabilizado en el lugar por los t\u00e9cnicos en urgencias m\u00e9dicas de los hombres del casco negro, posteriormente fue trasladado a la emergencia del hospital nacional de Jalapa para que fuera evaluado por el medico de turno.<\/p>\n<p style=\"text-align: center;\"><iframe loading=\"lazy\" style=\"border: none; overflow: hidden;\" src=\"https:\/\/www.facebook.com\/plugins\/post.php?href=https%3A%2F%2Fwww.facebook.com%2Fpermalink.php%3Fstory_fbid%3Dpfbid0avaJroCX5C5R5kF86HHVJzPqybRbSWE2KPWSSUt54oPYLCFF8RvCn314v4ydqLDBl%26id%3D100083158940816&amp;show_text=true&amp;width=500\" width=\"500\" height=\"794\" frameborder=\"0\" scrolling=\"no\" allowfullscreen=\"allowfullscreen\"><\/iframe><\/p>\n","protected":false},"excerpt":{"rendered":"<p>Bomberos Voluntarios fueron informados de un accidente de tr\u00e1nsito en la ruta que de Jalapa conduce al municipio de Mataquescuintla, a la altura de la Colonia Los Laureles, al llegar al lugar atendieron a Hern\u00e1ndez Reyes; de 24 a\u00f1os. MIRA: Est\u00e1n en el proceso de compra de un tom\u00f3grafo para el hospital Seg\u00fan Cesar Vela portavoz de Bomberos Voluntarios, esta persona presentaba una herida cortante en la regi\u00f3n del cr\u00e1neo, mismas que le ocasionaron cuando se conduc\u00eda en una motocicleta y por causas que se desconocen fuera atropellado por un&hellip;<\/p>\n","protected":false},"author":2,"featured_media":16222,"comment_status":"open","ping_status":"open","sticky":false,"template":"","format":"standard","meta":{"footnotes":""},"categories":[3],"tags":[5283,5284],"class_list":["post-16229","post","type-post","status-publish","format-standard","has-post-thumbnail","hentry","category-locales","tag-fue-atropellado-por-un-vehiculo","tag-resulto-con-una-herida-en-el-craneo"],"gutentor_comment":0,"_links":{"self":[{"href":"https:\/\/www.notijalapa.net\/noticias\/wp-json\/wp\/v2\/posts\/16229","targetHints":{"allow":["GET"]}}],"collection":[{"href":"https:\/\/www.notijalapa.net\/noticias\/wp-json\/wp\/v2\/posts"}],"about":[{"href":"https:\/\/www.notijalapa.net\/noticias\/wp-json\/wp\/v2\/types\/post"}],"author":[{"embeddable":true,"href":"https:\/\/www.notijalapa.net\/noticias\/wp-json\/wp\/v2\/users\/2"}],"replies":[{"embeddable":true,"href":"https:\/\/www.notijalapa.net\/noticias\/wp-json\/wp\/v2\/comments?post=16229"}],"version-history":[{"count":2,"href":"https:\/\/www.notijalapa.net\/noticias\/wp-json\/wp\/v2\/posts\/16229\/revisions"}],"predecessor-version":[{"id":16235,"href":"https:\/\/www.notijalapa.net\/noticias\/wp-json\/wp\/v2\/posts\/16229\/revisions\/16235"}],"wp:featuredmedia":[{"embeddable":true,"href":"https:\/\/www.notijalapa.net\/noticias\/wp-json\/wp\/v2\/media\/16222"}],"wp:attachment":[{"href":"https:\/\/www.notijalapa.net\/noticias\/wp-json\/wp\/v2\/media?parent=16229"}],"wp:term":[{"taxonomy":"category","embeddable":true,"href":"https:\/\/www.notijalapa.net\/noticias\/wp-json\/wp\/v2\/categories?post=16229"},{"taxonomy":"post_tag","embeddable":true,"href":"https:\/\/www.notijalapa.net\/noticias\/wp-json\/wp\/v2\/tags?post=16229"}],"curies":[{"name":"wp","href":"https:\/\/api.w.org\/{rel}","templated":true}]}}