{"id":1538,"date":"2021-11-17T12:45:56","date_gmt":"2021-11-17T12:45:56","guid":{"rendered":"https:\/\/www.notijalapa.net\/noticias\/?p=1538"},"modified":"2021-11-17T12:55:43","modified_gmt":"2021-11-17T12:55:43","slug":"seis-alcaldes-estuvieron-presentes-en-la-reunion-de-codede","status":"publish","type":"post","link":"https:\/\/www.notijalapa.net\/noticias\/2021\/11\/17\/seis-alcaldes-estuvieron-presentes-en-la-reunion-de-codede\/","title":{"rendered":"Seis alcaldes estuvieron presentes en la reuni\u00f3n de CODEDE"},"content":{"rendered":"<p>Realizan la pen\u00faltima reuni\u00f3n ordinaria de Consejos Departamentales de Desarrollo, en donde estuvieron tocando temas muy importantes como el ingreso de la temporada de incendios forestales, esto para que todos contribuyamos a disminuir los mismo para el pr\u00f3ximo a\u00f1o, seg\u00fan lo dio a conocer Jorge Cortez Gobernador Departamental de Jalapa.<\/p>\n<p><a href=\"https:\/\/www.notijalapa.net\/noticias\/2021\/11\/17\/culminan-proceso-de-capacitacion-a-jovenes-sobre-ejecutivo-de-ventas\/\">MIRA: Culminan proceso de capacitaci\u00f3n a j\u00f3venes sobre ejecutivo de ventas<\/a><\/p>\n<p>As\u00ed mismo estuvieron presentando los trabajos que ha hecho SESAN, los protocolos a seguir por el ingreso de la temporada de descensos de temperatura y tambi\u00e9n el tema del seguro escolar, esos fueron los temas importantes que estuvieron tocando en esta reuni\u00f3n.<\/p>\n<p><iframe loading=\"lazy\" title=\"Seis Alcaldes Estuvieron Presentes En La Reuni\u00f3n De Codede 1\" width=\"640\" height=\"360\" src=\"https:\/\/www.youtube.com\/embed\/JI8YgeD7f_k?feature=oembed\" frameborder=\"0\" allow=\"accelerometer; autoplay; clipboard-write; encrypted-media; gyroscope; picture-in-picture; web-share\" referrerpolicy=\"strict-origin-when-cross-origin\" allowfullscreen><\/iframe><\/p>\n<p>Estuvieron presentes la mayor\u00eda de los delegados de las instituciones que conforman el CODEDE, as\u00ed mismo estuvieron presentes seis de lo siete alcaldes y esto es muy bueno ver la participaci\u00f3n de los jefes ediles porque es de inter\u00e9s para sus municipios, el representante de Monjas fue el \u00fanico que no llego a la reuni\u00f3n.<\/p>\n<p style=\"text-align: center;\"><iframe loading=\"lazy\" style=\"border: none; overflow: hidden;\" src=\"https:\/\/www.facebook.com\/plugins\/post.php?href=https%3A%2F%2Fwww.facebook.com%2Fpermalink.php%3Fstory_fbid%3D4568813756568073%26id%3D541551329294356&amp;show_text=true&amp;width=500\" width=\"500\" height=\"773\" frameborder=\"0\" scrolling=\"no\" allowfullscreen=\"allowfullscreen\"><\/iframe><\/p>\n","protected":false},"excerpt":{"rendered":"<p>Realizan la pen\u00faltima reuni\u00f3n ordinaria de Consejos Departamentales de Desarrollo, en donde estuvieron tocando temas muy importantes como el ingreso de la temporada de incendios forestales, esto para que todos contribuyamos a disminuir los mismo para el pr\u00f3ximo a\u00f1o, seg\u00fan lo dio a conocer Jorge Cortez Gobernador Departamental de Jalapa. MIRA: Culminan proceso de capacitaci\u00f3n a j\u00f3venes sobre ejecutivo de ventas As\u00ed mismo estuvieron presentando los trabajos que ha hecho SESAN, los protocolos a seguir por el ingreso de la temporada de descensos de temperatura y tambi\u00e9n el tema del&hellip;<\/p>\n","protected":false},"author":2,"featured_media":1531,"comment_status":"open","ping_status":"open","sticky":false,"template":"","format":"standard","meta":{"footnotes":""},"categories":[3],"tags":[114,171],"class_list":["post-1538","post","type-post","status-publish","format-standard","has-post-thumbnail","hentry","category-locales","tag-codede","tag-incendios-forestales"],"gutentor_comment":0,"_links":{"self":[{"href":"https:\/\/www.notijalapa.net\/noticias\/wp-json\/wp\/v2\/posts\/1538","targetHints":{"allow":["GET"]}}],"collection":[{"href":"https:\/\/www.notijalapa.net\/noticias\/wp-json\/wp\/v2\/posts"}],"about":[{"href":"https:\/\/www.notijalapa.net\/noticias\/wp-json\/wp\/v2\/types\/post"}],"author":[{"embeddable":true,"href":"https:\/\/www.notijalapa.net\/noticias\/wp-json\/wp\/v2\/users\/2"}],"replies":[{"embeddable":true,"href":"https:\/\/www.notijalapa.net\/noticias\/wp-json\/wp\/v2\/comments?post=1538"}],"version-history":[{"count":2,"href":"https:\/\/www.notijalapa.net\/noticias\/wp-json\/wp\/v2\/posts\/1538\/revisions"}],"predecessor-version":[{"id":1544,"href":"https:\/\/www.notijalapa.net\/noticias\/wp-json\/wp\/v2\/posts\/1538\/revisions\/1544"}],"wp:featuredmedia":[{"embeddable":true,"href":"https:\/\/www.notijalapa.net\/noticias\/wp-json\/wp\/v2\/media\/1531"}],"wp:attachment":[{"href":"https:\/\/www.notijalapa.net\/noticias\/wp-json\/wp\/v2\/media?parent=1538"}],"wp:term":[{"taxonomy":"category","embeddable":true,"href":"https:\/\/www.notijalapa.net\/noticias\/wp-json\/wp\/v2\/categories?post=1538"},{"taxonomy":"post_tag","embeddable":true,"href":"https:\/\/www.notijalapa.net\/noticias\/wp-json\/wp\/v2\/tags?post=1538"}],"curies":[{"name":"wp","href":"https:\/\/api.w.org\/{rel}","templated":true}]}}