{"id":1536,"date":"2021-11-17T12:45:12","date_gmt":"2021-11-17T12:45:12","guid":{"rendered":"https:\/\/www.notijalapa.net\/noticias\/?p=1536"},"modified":"2021-11-17T12:56:50","modified_gmt":"2021-11-17T12:56:50","slug":"hacen-entrega-de-la-ultima-racion-de-refaccion-escolar","status":"publish","type":"post","link":"https:\/\/www.notijalapa.net\/noticias\/2021\/11\/17\/hacen-entrega-de-la-ultima-racion-de-refaccion-escolar\/","title":{"rendered":"Hacen entrega de la \u00faltima raci\u00f3n de refacci\u00f3n escolar"},"content":{"rendered":"<p>Por parte del Ministerio de Educaci\u00f3n ya est\u00e1n entregando la \u00faltima raci\u00f3n de alimentos, esto correspondiente a la refacci\u00f3n escolar, esta es la s\u00e9ptima entrega y la \u00faltima que estar\u00e1n haciendo en este a\u00f1o, seg\u00fan lo dio a conocer la Licda. Edith T\u00e9llez directora Departamental de Educaci\u00f3n en Jalapa.<\/p>\n<p><a href=\"https:\/\/www.notijalapa.net\/noticias\/2021\/11\/17\/seis-alcaldes-estuvieron-presentes-en-la-reunion-de-codede\/\">MIRA: Seis alcaldes estuvieron presentes en la reuni\u00f3n de CODEDE<\/a><\/p>\n<p>No sabe cu\u00e1nto dinero se invirti\u00f3 en la refacci\u00f3n y educaci\u00f3n de este a\u00f1o en el departamento de Jalapa, pero consideran que si fueron varios miles de quetzales, los que se invirtieron en la entrega de refacci\u00f3n escolar a todos los ni\u00f1os del departamento de Jalapa.<\/p>\n<p><iframe loading=\"lazy\" title=\"Hacen Entrega De La \u00daltima Raci\u00f3n De Refacci\u00f3n Escolar 1\" width=\"640\" height=\"360\" src=\"https:\/\/www.youtube.com\/embed\/PwoizvfS7DA?feature=oembed\" frameborder=\"0\" allow=\"accelerometer; autoplay; clipboard-write; encrypted-media; gyroscope; picture-in-picture; web-share\" referrerpolicy=\"strict-origin-when-cross-origin\" allowfullscreen><\/iframe><\/p>\n<p>Cabe mencionar que este a\u00f1o la refacci\u00f3n escolar contribuyo a bajar los \u00edndices de desnutrici\u00f3n en el departamento de Jalapa, debido a que todos los integrantes de la vivienda com\u00edan con las entregas de la refacci\u00f3n escolar.<\/p>\n<p style=\"text-align: center;\"><iframe loading=\"lazy\" style=\"border: none; overflow: hidden;\" src=\"https:\/\/www.facebook.com\/plugins\/post.php?href=https%3A%2F%2Fwww.facebook.com%2Fpermalink.php%3Fstory_fbid%3D4568810486568400%26id%3D541551329294356&amp;show_text=true&amp;width=500\" width=\"500\" height=\"773\" frameborder=\"0\" scrolling=\"no\" allowfullscreen=\"allowfullscreen\"><\/iframe><\/p>\n","protected":false},"excerpt":{"rendered":"<p>Por parte del Ministerio de Educaci\u00f3n ya est\u00e1n entregando la \u00faltima raci\u00f3n de alimentos, esto correspondiente a la refacci\u00f3n escolar, esta es la s\u00e9ptima entrega y la \u00faltima que estar\u00e1n haciendo en este a\u00f1o, seg\u00fan lo dio a conocer la Licda. Edith T\u00e9llez directora Departamental de Educaci\u00f3n en Jalapa. MIRA: Seis alcaldes estuvieron presentes en la reuni\u00f3n de CODEDE No sabe cu\u00e1nto dinero se invirti\u00f3 en la refacci\u00f3n y educaci\u00f3n de este a\u00f1o en el departamento de Jalapa, pero consideran que si fueron varios miles de quetzales, los que se&hellip;<\/p>\n","protected":false},"author":2,"featured_media":1530,"comment_status":"open","ping_status":"open","sticky":false,"template":"","format":"standard","meta":{"footnotes":""},"categories":[3],"tags":[204,205],"class_list":["post-1536","post","type-post","status-publish","format-standard","has-post-thumbnail","hentry","category-locales","tag-racion-de-alimentos","tag-refaccion-escolar"],"gutentor_comment":0,"_links":{"self":[{"href":"https:\/\/www.notijalapa.net\/noticias\/wp-json\/wp\/v2\/posts\/1536","targetHints":{"allow":["GET"]}}],"collection":[{"href":"https:\/\/www.notijalapa.net\/noticias\/wp-json\/wp\/v2\/posts"}],"about":[{"href":"https:\/\/www.notijalapa.net\/noticias\/wp-json\/wp\/v2\/types\/post"}],"author":[{"embeddable":true,"href":"https:\/\/www.notijalapa.net\/noticias\/wp-json\/wp\/v2\/users\/2"}],"replies":[{"embeddable":true,"href":"https:\/\/www.notijalapa.net\/noticias\/wp-json\/wp\/v2\/comments?post=1536"}],"version-history":[{"count":2,"href":"https:\/\/www.notijalapa.net\/noticias\/wp-json\/wp\/v2\/posts\/1536\/revisions"}],"predecessor-version":[{"id":1545,"href":"https:\/\/www.notijalapa.net\/noticias\/wp-json\/wp\/v2\/posts\/1536\/revisions\/1545"}],"wp:featuredmedia":[{"embeddable":true,"href":"https:\/\/www.notijalapa.net\/noticias\/wp-json\/wp\/v2\/media\/1530"}],"wp:attachment":[{"href":"https:\/\/www.notijalapa.net\/noticias\/wp-json\/wp\/v2\/media?parent=1536"}],"wp:term":[{"taxonomy":"category","embeddable":true,"href":"https:\/\/www.notijalapa.net\/noticias\/wp-json\/wp\/v2\/categories?post=1536"},{"taxonomy":"post_tag","embeddable":true,"href":"https:\/\/www.notijalapa.net\/noticias\/wp-json\/wp\/v2\/tags?post=1536"}],"curies":[{"name":"wp","href":"https:\/\/api.w.org\/{rel}","templated":true}]}}