{"id":15290,"date":"2023-10-05T12:33:32","date_gmt":"2023-10-05T12:33:32","guid":{"rendered":"https:\/\/www.notijalapa.net\/noticias\/?p=15290"},"modified":"2023-10-05T12:49:43","modified_gmt":"2023-10-05T12:49:43","slug":"lluvias-unicamente-causaron-inundaciones","status":"publish","type":"post","link":"https:\/\/www.notijalapa.net\/noticias\/2023\/10\/05\/lluvias-unicamente-causaron-inundaciones\/","title":{"rendered":"Lluvias \u00fanicamente causaron inundaciones"},"content":{"rendered":"<p>Cada una de las coordinadoras municipales han estado realizando una evaluaci\u00f3n para ver si causaron da\u00f1os las lluvias del pasado martes en el departamento de Jalapa, seg\u00fan lo dio a conocer el Lic. \u00c1lvaro Garc\u00eda delegado de la CONRED.<\/p>\n<p><a href=\"https:\/\/www.notijalapa.net\/noticias\/2023\/10\/05\/evaluan-la-tala-ilegal-que-se-hizo-en-la-enro\/\">MIRA: Eval\u00faan la tala ilegal que se hizo en la ENRO<\/a><\/p>\n<p>Actualmente los reportes que tienen es que no se presentaron da\u00f1os en infraestructuras, no hay desbordamiento de r\u00edos, por lo tanto, se podr\u00eda decir que en Jalapa no causaron da\u00f1os las lluvias.<\/p>\n<p><iframe loading=\"lazy\" title=\"Lluvias \u00fanicamente causaron inundaciones\" width=\"640\" height=\"360\" src=\"https:\/\/www.youtube.com\/embed\/RbmHYa5abtE?feature=oembed\" frameborder=\"0\" allow=\"accelerometer; autoplay; clipboard-write; encrypted-media; gyroscope; picture-in-picture; web-share\" referrerpolicy=\"strict-origin-when-cross-origin\" allowfullscreen><\/iframe><\/p>\n<p>Lo \u00fanico que se registraron fueron inundaciones en diferentes sectores del departamento de Jalapa, una de ellas fueron las calles, ciertos pabellones del hospital, pero no fue nada grave a como se esperaba por la fuerte lluvia.<\/p>\n<p style=\"text-align: center;\"><iframe loading=\"lazy\" style=\"border: none; overflow: hidden;\" src=\"https:\/\/www.facebook.com\/plugins\/post.php?href=https%3A%2F%2Fwww.facebook.com%2Fpermalink.php%3Fstory_fbid%3Dpfbid032fSihQYxVBi9LLGaRstH59gMMMnSE58jz8zATqQJ9o2wpnpxaQbTEZFB8rVm3aDEl%26id%3D100083158940816&amp;show_text=true&amp;width=500\" width=\"500\" height=\"794\" frameborder=\"0\" scrolling=\"no\" allowfullscreen=\"allowfullscreen\"><\/iframe><\/p>\n","protected":false},"excerpt":{"rendered":"<p>Cada una de las coordinadoras municipales han estado realizando una evaluaci\u00f3n para ver si causaron da\u00f1os las lluvias del pasado martes en el departamento de Jalapa, seg\u00fan lo dio a conocer el Lic. \u00c1lvaro Garc\u00eda delegado de la CONRED. MIRA: Eval\u00faan la tala ilegal que se hizo en la ENRO Actualmente los reportes que tienen es que no se presentaron da\u00f1os en infraestructuras, no hay desbordamiento de r\u00edos, por lo tanto, se podr\u00eda decir que en Jalapa no causaron da\u00f1os las lluvias. Lo \u00fanico que se registraron fueron inundaciones en&hellip;<\/p>\n","protected":false},"author":2,"featured_media":15292,"comment_status":"open","ping_status":"open","sticky":false,"template":"","format":"standard","meta":{"footnotes":""},"categories":[3],"tags":[4887,4886],"class_list":["post-15290","post","type-post","status-publish","format-standard","has-post-thumbnail","hentry","category-locales","tag-causaron-inundaciones","tag-lluvias-unicamente"],"gutentor_comment":0,"_links":{"self":[{"href":"https:\/\/www.notijalapa.net\/noticias\/wp-json\/wp\/v2\/posts\/15290","targetHints":{"allow":["GET"]}}],"collection":[{"href":"https:\/\/www.notijalapa.net\/noticias\/wp-json\/wp\/v2\/posts"}],"about":[{"href":"https:\/\/www.notijalapa.net\/noticias\/wp-json\/wp\/v2\/types\/post"}],"author":[{"embeddable":true,"href":"https:\/\/www.notijalapa.net\/noticias\/wp-json\/wp\/v2\/users\/2"}],"replies":[{"embeddable":true,"href":"https:\/\/www.notijalapa.net\/noticias\/wp-json\/wp\/v2\/comments?post=15290"}],"version-history":[{"count":2,"href":"https:\/\/www.notijalapa.net\/noticias\/wp-json\/wp\/v2\/posts\/15290\/revisions"}],"predecessor-version":[{"id":15313,"href":"https:\/\/www.notijalapa.net\/noticias\/wp-json\/wp\/v2\/posts\/15290\/revisions\/15313"}],"wp:featuredmedia":[{"embeddable":true,"href":"https:\/\/www.notijalapa.net\/noticias\/wp-json\/wp\/v2\/media\/15292"}],"wp:attachment":[{"href":"https:\/\/www.notijalapa.net\/noticias\/wp-json\/wp\/v2\/media?parent=15290"}],"wp:term":[{"taxonomy":"category","embeddable":true,"href":"https:\/\/www.notijalapa.net\/noticias\/wp-json\/wp\/v2\/categories?post=15290"},{"taxonomy":"post_tag","embeddable":true,"href":"https:\/\/www.notijalapa.net\/noticias\/wp-json\/wp\/v2\/tags?post=15290"}],"curies":[{"name":"wp","href":"https:\/\/api.w.org\/{rel}","templated":true}]}}