{"id":15053,"date":"2023-09-21T12:35:22","date_gmt":"2023-09-21T12:35:22","guid":{"rendered":"https:\/\/www.notijalapa.net\/noticias\/?p=15053"},"modified":"2023-09-21T12:50:56","modified_gmt":"2023-09-21T12:50:56","slug":"finalizan-la-sexta-entrega-de-refaccion-escolar","status":"publish","type":"post","link":"https:\/\/www.notijalapa.net\/noticias\/2023\/09\/21\/finalizan-la-sexta-entrega-de-refaccion-escolar\/","title":{"rendered":"Finalizan la sexta entrega de refacci\u00f3n escolar"},"content":{"rendered":"<p>El pasado martes, finalizaron con la entrega de alimentos que tiene el ministerio de educaci\u00f3n, al menos un noventa por ciento de los padres se hicieron presentes para recoger los alimentos, seg\u00fan lo dio a conocer Marco Antonio Estrada director del Instituto Experimental.<\/p>\n<p><a href=\"https:\/\/www.notijalapa.net\/noticias\/2023\/09\/21\/unas-de-25-familias-fueron-desalojadas\/\">MIRA: Unas de 25 familias fueron desalojadas<\/a><\/p>\n<p>Para la entrega de la refacci\u00f3n escolar del pr\u00f3ximo a\u00f1o, ya tuvieron la primera reuni\u00f3n en el instituto, donde se capacito a todos los directores de los centros educativos en donde se present\u00f3 el men\u00fa que se va a manejar el pr\u00f3ximo a\u00f1o a trav\u00e9s de la refacci\u00f3n escolar, porque se les dar\u00e1 la alimentaci\u00f3n servida directamente a los alumnos.<\/p>\n<p><iframe loading=\"lazy\" title=\"Finalizan la sexta entrega de refacci\u00f3n escolar\" width=\"640\" height=\"360\" src=\"https:\/\/www.youtube.com\/embed\/JNmvlpFp2hI?feature=oembed\" frameborder=\"0\" allow=\"accelerometer; autoplay; clipboard-write; encrypted-media; gyroscope; picture-in-picture; web-share\" referrerpolicy=\"strict-origin-when-cross-origin\" allowfullscreen><\/iframe><\/p>\n<p>Siendo un programa nuevo para ellos como instituto y no conoc\u00edan cual era la mec\u00e1nica para gestionarla la refacci\u00f3n a trav\u00e9s de los padres de familia y la modalidad que tiene el ministerio de educaci\u00f3n de dar siempre cuatro opciones para que elijan una. Si han tenido algunos inconvenientes, pero han logrado aprender de ellos y seguir mejorando siempre en las entregas.<\/p>\n<p style=\"text-align: center;\"><iframe loading=\"lazy\" style=\"border: none; overflow: hidden;\" src=\"https:\/\/www.facebook.com\/plugins\/post.php?href=https%3A%2F%2Fwww.facebook.com%2Fpermalink.php%3Fstory_fbid%3Dpfbid0HR6k5XBg1iECh86WAcM2hB1FzCUFD9FpoiYufChugvFduRyxCs2QdNk3ryavJ2orl%26id%3D100083158940816&amp;show_text=true&amp;width=500\" width=\"500\" height=\"755\" frameborder=\"0\" scrolling=\"no\" allowfullscreen=\"allowfullscreen\"><\/iframe><\/p>\n","protected":false},"excerpt":{"rendered":"<p>El pasado martes, finalizaron con la entrega de alimentos que tiene el ministerio de educaci\u00f3n, al menos un noventa por ciento de los padres se hicieron presentes para recoger los alimentos, seg\u00fan lo dio a conocer Marco Antonio Estrada director del Instituto Experimental. MIRA: Unas de 25 familias fueron desalojadas Para la entrega de la refacci\u00f3n escolar del pr\u00f3ximo a\u00f1o, ya tuvieron la primera reuni\u00f3n en el instituto, donde se capacito a todos los directores de los centros educativos en donde se present\u00f3 el men\u00fa que se va a manejar&hellip;<\/p>\n","protected":false},"author":2,"featured_media":15047,"comment_status":"open","ping_status":"open","sticky":false,"template":"","format":"standard","meta":{"footnotes":""},"categories":[3],"tags":[4783,205],"class_list":["post-15053","post","type-post","status-publish","format-standard","has-post-thumbnail","hentry","category-locales","tag-finalizan-la-sexta-entrega","tag-refaccion-escolar"],"gutentor_comment":0,"_links":{"self":[{"href":"https:\/\/www.notijalapa.net\/noticias\/wp-json\/wp\/v2\/posts\/15053","targetHints":{"allow":["GET"]}}],"collection":[{"href":"https:\/\/www.notijalapa.net\/noticias\/wp-json\/wp\/v2\/posts"}],"about":[{"href":"https:\/\/www.notijalapa.net\/noticias\/wp-json\/wp\/v2\/types\/post"}],"author":[{"embeddable":true,"href":"https:\/\/www.notijalapa.net\/noticias\/wp-json\/wp\/v2\/users\/2"}],"replies":[{"embeddable":true,"href":"https:\/\/www.notijalapa.net\/noticias\/wp-json\/wp\/v2\/comments?post=15053"}],"version-history":[{"count":2,"href":"https:\/\/www.notijalapa.net\/noticias\/wp-json\/wp\/v2\/posts\/15053\/revisions"}],"predecessor-version":[{"id":15069,"href":"https:\/\/www.notijalapa.net\/noticias\/wp-json\/wp\/v2\/posts\/15053\/revisions\/15069"}],"wp:featuredmedia":[{"embeddable":true,"href":"https:\/\/www.notijalapa.net\/noticias\/wp-json\/wp\/v2\/media\/15047"}],"wp:attachment":[{"href":"https:\/\/www.notijalapa.net\/noticias\/wp-json\/wp\/v2\/media?parent=15053"}],"wp:term":[{"taxonomy":"category","embeddable":true,"href":"https:\/\/www.notijalapa.net\/noticias\/wp-json\/wp\/v2\/categories?post=15053"},{"taxonomy":"post_tag","embeddable":true,"href":"https:\/\/www.notijalapa.net\/noticias\/wp-json\/wp\/v2\/tags?post=15053"}],"curies":[{"name":"wp","href":"https:\/\/api.w.org\/{rel}","templated":true}]}}