{"id":14901,"date":"2023-09-06T12:35:37","date_gmt":"2023-09-06T12:35:37","guid":{"rendered":"https:\/\/www.notijalapa.net\/noticias\/?p=14901"},"modified":"2023-09-06T12:50:07","modified_gmt":"2023-09-06T12:50:07","slug":"telefonos-inteligentes-facilitan-para-caminar-a-las-personas-con-discapacidad-visual","status":"publish","type":"post","link":"https:\/\/www.notijalapa.net\/noticias\/2023\/09\/06\/telefonos-inteligentes-facilitan-para-caminar-a-las-personas-con-discapacidad-visual\/","title":{"rendered":"Tel\u00e9fonos inteligentes facilitan para caminar a las personas con discapacidad visual"},"content":{"rendered":"<p>Le contin\u00faan dando seguimiento al programa de capacitaci\u00f3n a docentes en la educaci\u00f3n inclusiva y tambi\u00e9n est\u00e1n trabajando con j\u00f3venes el tema de discapacidad visual, todo lo que es braille, orientaci\u00f3n y movilidad, seg\u00fan lo dio a conocer Ingrid Ortiz facilitadora de Campo de ASCATED.<\/p>\n<p><a href=\"https:\/\/www.notijalapa.net\/noticias\/2023\/09\/06\/esperan-que-mas-carreras-educativas-sean-implementadas-en-el-instituto\/\">MIRA: Esperan que m\u00e1s carreras educativas sean implementadas en el instituto<\/a><\/p>\n<p>Para las capacitaciones de braille tienen a una persona con discapacidad visual, quien est\u00e1 realizando t\u00e9cnicas previas y despu\u00e9s ense\u00f1\u00e1ndoles el braille a los j\u00f3venes que tambi\u00e9n sufren de discapacidad visual.<\/p>\n<p><iframe loading=\"lazy\" title=\"Tel\u00e9fonos inteligentes facilitan para caminar a las personas con discapacidad visual\" width=\"640\" height=\"360\" src=\"https:\/\/www.youtube.com\/embed\/EdPPTUACqS8?feature=oembed\" frameborder=\"0\" allow=\"accelerometer; autoplay; clipboard-write; encrypted-media; gyroscope; picture-in-picture; web-share\" referrerpolicy=\"strict-origin-when-cross-origin\" allowfullscreen><\/iframe><\/p>\n<p>Actualmente est\u00e1n siendo capacitados nueve personas de todo el departamento, cinco de ellos son del municipio de Jalapa y cuatro del municipio de San Luis Jilotepeque comprendidos en las edades de 5 a 20 a\u00f1os, adem\u00e1s se pueden seguir incorporando m\u00e1s estudiantes.<\/p>\n<p>Cabe mencionar que, ahora con el uso de la tecnolog\u00eda es mucho m\u00e1s f\u00e1cil que estas personas caminen sin dificultades por los diferentes lugares, debido que ahora existen tel\u00e9fonos inteligentes a los cuales se les bajan aplicaciones que pueden favorecer para que estas personas caminen sin dificultades.<\/p>\n<p style=\"text-align: center;\"><iframe loading=\"lazy\" style=\"border: none; overflow: hidden;\" src=\"https:\/\/www.facebook.com\/plugins\/post.php?href=https%3A%2F%2Fwww.facebook.com%2Fpermalink.php%3Fstory_fbid%3Dpfbid01CMYTUcACufAp1P7S1aHBmEKTGnWq3bMgZhPWJf2a16G5kDbqvefQisTTFccnnjnl%26id%3D100083158940816&amp;show_text=true&amp;width=500\" width=\"500\" height=\"545\" frameborder=\"0\" scrolling=\"no\" allowfullscreen=\"allowfullscreen\"><\/iframe><\/p>\n","protected":false},"excerpt":{"rendered":"<p>Le contin\u00faan dando seguimiento al programa de capacitaci\u00f3n a docentes en la educaci\u00f3n inclusiva y tambi\u00e9n est\u00e1n trabajando con j\u00f3venes el tema de discapacidad visual, todo lo que es braille, orientaci\u00f3n y movilidad, seg\u00fan lo dio a conocer Ingrid Ortiz facilitadora de Campo de ASCATED. MIRA: Esperan que m\u00e1s carreras educativas sean implementadas en el instituto Para las capacitaciones de braille tienen a una persona con discapacidad visual, quien est\u00e1 realizando t\u00e9cnicas previas y despu\u00e9s ense\u00f1\u00e1ndoles el braille a los j\u00f3venes que tambi\u00e9n sufren de discapacidad visual. Actualmente est\u00e1n siendo&hellip;<\/p>\n","protected":false},"author":2,"featured_media":14902,"comment_status":"open","ping_status":"open","sticky":false,"template":"","format":"standard","meta":{"footnotes":""},"categories":[3],"tags":[4715,4714],"class_list":["post-14901","post","type-post","status-publish","format-standard","has-post-thumbnail","hentry","category-locales","tag-para-caminar-a-las-personas-con-discapacidad-visual","tag-telefonos-inteligentes-facilitan"],"gutentor_comment":0,"_links":{"self":[{"href":"https:\/\/www.notijalapa.net\/noticias\/wp-json\/wp\/v2\/posts\/14901","targetHints":{"allow":["GET"]}}],"collection":[{"href":"https:\/\/www.notijalapa.net\/noticias\/wp-json\/wp\/v2\/posts"}],"about":[{"href":"https:\/\/www.notijalapa.net\/noticias\/wp-json\/wp\/v2\/types\/post"}],"author":[{"embeddable":true,"href":"https:\/\/www.notijalapa.net\/noticias\/wp-json\/wp\/v2\/users\/2"}],"replies":[{"embeddable":true,"href":"https:\/\/www.notijalapa.net\/noticias\/wp-json\/wp\/v2\/comments?post=14901"}],"version-history":[{"count":2,"href":"https:\/\/www.notijalapa.net\/noticias\/wp-json\/wp\/v2\/posts\/14901\/revisions"}],"predecessor-version":[{"id":14923,"href":"https:\/\/www.notijalapa.net\/noticias\/wp-json\/wp\/v2\/posts\/14901\/revisions\/14923"}],"wp:featuredmedia":[{"embeddable":true,"href":"https:\/\/www.notijalapa.net\/noticias\/wp-json\/wp\/v2\/media\/14902"}],"wp:attachment":[{"href":"https:\/\/www.notijalapa.net\/noticias\/wp-json\/wp\/v2\/media?parent=14901"}],"wp:term":[{"taxonomy":"category","embeddable":true,"href":"https:\/\/www.notijalapa.net\/noticias\/wp-json\/wp\/v2\/categories?post=14901"},{"taxonomy":"post_tag","embeddable":true,"href":"https:\/\/www.notijalapa.net\/noticias\/wp-json\/wp\/v2\/tags?post=14901"}],"curies":[{"name":"wp","href":"https:\/\/api.w.org\/{rel}","templated":true}]}}