{"id":14769,"date":"2023-08-30T13:45:27","date_gmt":"2023-08-30T13:45:27","guid":{"rendered":"https:\/\/www.notijalapa.net\/noticias\/?p=14769"},"modified":"2023-08-30T14:01:13","modified_gmt":"2023-08-30T14:01:13","slug":"luego-de-varios-anos-reactiva-la-red-svet-en-jalapa","status":"publish","type":"post","link":"https:\/\/www.notijalapa.net\/noticias\/2023\/08\/30\/luego-de-varios-anos-reactiva-la-red-svet-en-jalapa\/","title":{"rendered":"Luego de varios a\u00f1os reactiva la red SVET en Jalapa"},"content":{"rendered":"<p>Este martes, realizaron una reuni\u00f3n interinstitucional para la reactivaci\u00f3n de la red departamental SVET, debido que esta red estuvo inactiva por varios a\u00f1os en este departamento, seg\u00fan lo dio a conocer Manolo Colocho de la Secretar\u00eda Contra la Violencia Sexual, Explotaci\u00f3n y Trata de Personas.<\/p>\n<p><a href=\"https:\/\/www.notijalapa.net\/noticias\/2023\/08\/30\/capacitan-a-delegados-sobre-la-plataforma-territorial-de-dialogo\/\">MIRA: Capacitan a delegados sobre la plataforma territorial de dialogo<\/a><\/p>\n<p>El objetivo es, tener mesas de trabajo constantemente con los delegados de las diferentes instituciones de Jalapa, para que en conjunto se trabaje la prevenci\u00f3n de este tipo de delitos en el departamento.<\/p>\n<p><iframe loading=\"lazy\" title=\"Luego de varios a\u00f1os reactiva la red SVET en Jalapa\" width=\"640\" height=\"360\" src=\"https:\/\/www.youtube.com\/embed\/WbBgp6xfVYU?feature=oembed\" frameborder=\"0\" allow=\"accelerometer; autoplay; clipboard-write; encrypted-media; gyroscope; picture-in-picture; web-share\" referrerpolicy=\"strict-origin-when-cross-origin\" allowfullscreen><\/iframe><\/p>\n<p>Debido a la pandemia y la falta de personal en la secretar\u00eda, fue que tuvieron que suspender los trabajos en Jalapa, por lo tanto, este a\u00f1o retoman las actividades y seguir\u00e1n trabajando en conjunto para evitar la este tipo de delitos.<\/p>\n<p style=\"text-align: center;\"><iframe loading=\"lazy\" style=\"border: none; overflow: hidden;\" src=\"https:\/\/www.facebook.com\/plugins\/post.php?href=https%3A%2F%2Fwww.facebook.com%2Fpermalink.php%3Fstory_fbid%3Dpfbid023CmW9BVqrkZvgkWXHarWWunvi81pNi3gJRYhR5zCrPKfZZiHv9Z8hFQM7xQ71VHxl%26id%3D100083158940816&amp;show_text=true&amp;width=500\" width=\"500\" height=\"813\" frameborder=\"0\" scrolling=\"no\" allowfullscreen=\"allowfullscreen\"><\/iframe><\/p>\n","protected":false},"excerpt":{"rendered":"<p>Este martes, realizaron una reuni\u00f3n interinstitucional para la reactivaci\u00f3n de la red departamental SVET, debido que esta red estuvo inactiva por varios a\u00f1os en este departamento, seg\u00fan lo dio a conocer Manolo Colocho de la Secretar\u00eda Contra la Violencia Sexual, Explotaci\u00f3n y Trata de Personas. MIRA: Capacitan a delegados sobre la plataforma territorial de dialogo El objetivo es, tener mesas de trabajo constantemente con los delegados de las diferentes instituciones de Jalapa, para que en conjunto se trabaje la prevenci\u00f3n de este tipo de delitos en el departamento. Debido a&hellip;<\/p>\n","protected":false},"author":2,"featured_media":14764,"comment_status":"open","ping_status":"open","sticky":false,"template":"","format":"standard","meta":{"footnotes":""},"categories":[3],"tags":[4661,4662],"class_list":["post-14769","post","type-post","status-publish","format-standard","has-post-thumbnail","hentry","category-locales","tag-luego-de-varios-anos","tag-reactiva-la-red-svet-en-jalapa"],"gutentor_comment":0,"_links":{"self":[{"href":"https:\/\/www.notijalapa.net\/noticias\/wp-json\/wp\/v2\/posts\/14769","targetHints":{"allow":["GET"]}}],"collection":[{"href":"https:\/\/www.notijalapa.net\/noticias\/wp-json\/wp\/v2\/posts"}],"about":[{"href":"https:\/\/www.notijalapa.net\/noticias\/wp-json\/wp\/v2\/types\/post"}],"author":[{"embeddable":true,"href":"https:\/\/www.notijalapa.net\/noticias\/wp-json\/wp\/v2\/users\/2"}],"replies":[{"embeddable":true,"href":"https:\/\/www.notijalapa.net\/noticias\/wp-json\/wp\/v2\/comments?post=14769"}],"version-history":[{"count":2,"href":"https:\/\/www.notijalapa.net\/noticias\/wp-json\/wp\/v2\/posts\/14769\/revisions"}],"predecessor-version":[{"id":14784,"href":"https:\/\/www.notijalapa.net\/noticias\/wp-json\/wp\/v2\/posts\/14769\/revisions\/14784"}],"wp:featuredmedia":[{"embeddable":true,"href":"https:\/\/www.notijalapa.net\/noticias\/wp-json\/wp\/v2\/media\/14764"}],"wp:attachment":[{"href":"https:\/\/www.notijalapa.net\/noticias\/wp-json\/wp\/v2\/media?parent=14769"}],"wp:term":[{"taxonomy":"category","embeddable":true,"href":"https:\/\/www.notijalapa.net\/noticias\/wp-json\/wp\/v2\/categories?post=14769"},{"taxonomy":"post_tag","embeddable":true,"href":"https:\/\/www.notijalapa.net\/noticias\/wp-json\/wp\/v2\/tags?post=14769"}],"curies":[{"name":"wp","href":"https:\/\/api.w.org\/{rel}","templated":true}]}}