{"id":14649,"date":"2023-08-23T13:03:52","date_gmt":"2023-08-23T13:03:52","guid":{"rendered":"https:\/\/www.notijalapa.net\/noticias\/?p=14649"},"modified":"2023-08-23T13:14:05","modified_gmt":"2023-08-23T13:14:05","slug":"servicios-por-enfermedades-respiratorias-han-disminuido","status":"publish","type":"post","link":"https:\/\/www.notijalapa.net\/noticias\/2023\/08\/23\/servicios-por-enfermedades-respiratorias-han-disminuido\/","title":{"rendered":"Servicios por enfermedades respiratorias han disminuido"},"content":{"rendered":"<p>Seg\u00fan los reportes que tienen en esta temporada han disminuido los servicios por enfermedad com\u00fan, comparado con a\u00f1os anteriores, seg\u00fan lo dio a conocer Douglas Aguilar portavoz de Bomberos Voluntarios.<\/p>\n<p><a href=\"https:\/\/www.notijalapa.net\/noticias\/2023\/08\/23\/cuatro-personas-fueron-detenidas-el-fin-de-semana-tres-de-ellas-por-infringir-la-ley-seca\/\">MIRA: Cuatro personas fueron detenidas el fin de semana tres de ellas por infringir la ley seca<\/a><\/p>\n<p>Actualmente se han estado presentado de tres a cuatro servicios semanales por enfermedades respiratorias, aunque muchas veces las personas no presentan mayores s\u00edntomas, \u00fanicamente dolor de cabeza y congesti\u00f3n nasal.<\/p>\n<p><iframe loading=\"lazy\" title=\"Servicios por enfermedades respiratorias han disminuido\" width=\"640\" height=\"360\" src=\"https:\/\/www.youtube.com\/embed\/ioU85cPNi1I?feature=oembed\" frameborder=\"0\" allow=\"accelerometer; autoplay; clipboard-write; encrypted-media; gyroscope; picture-in-picture; web-share\" referrerpolicy=\"strict-origin-when-cross-origin\" allowfullscreen><\/iframe><\/p>\n<p>Otra de las situaciones por la cual han disminuido los servicios es porque no ha estado lloviendo muchos, pese a que estamos en la temporada de lluvias, ese es otro factor por el cual han disminuido las enfermedades respiratorias en Jalapa.<\/p>\n<p style=\"text-align: center;\"><iframe loading=\"lazy\" style=\"border: none; overflow: hidden;\" src=\"https:\/\/www.facebook.com\/plugins\/post.php?href=https%3A%2F%2Fwww.facebook.com%2Fpermalink.php%3Fstory_fbid%3Dpfbid02x2DYH6ozzu8HvFuu7yQRsmrJXyVPdMHkzmBzyH8r4zf2t6ZR12aX59E2E2eAsE45l%26id%3D100083158940816&amp;show_text=true&amp;width=500\" width=\"500\" height=\"525\" frameborder=\"0\" scrolling=\"no\" allowfullscreen=\"allowfullscreen\"><\/iframe><\/p>\n","protected":false},"excerpt":{"rendered":"<p>Seg\u00fan los reportes que tienen en esta temporada han disminuido los servicios por enfermedad com\u00fan, comparado con a\u00f1os anteriores, seg\u00fan lo dio a conocer Douglas Aguilar portavoz de Bomberos Voluntarios. MIRA: Cuatro personas fueron detenidas el fin de semana tres de ellas por infringir la ley seca Actualmente se han estado presentado de tres a cuatro servicios semanales por enfermedades respiratorias, aunque muchas veces las personas no presentan mayores s\u00edntomas, \u00fanicamente dolor de cabeza y congesti\u00f3n nasal. Otra de las situaciones por la cual han disminuido los servicios es porque&hellip;<\/p>\n","protected":false},"author":2,"featured_media":14636,"comment_status":"open","ping_status":"open","sticky":false,"template":"","format":"standard","meta":{"footnotes":""},"categories":[3],"tags":[1250,4616],"class_list":["post-14649","post","type-post","status-publish","format-standard","has-post-thumbnail","hentry","category-locales","tag-han-disminuido","tag-servicios-por-enfermedades-respiratorias"],"gutentor_comment":0,"_links":{"self":[{"href":"https:\/\/www.notijalapa.net\/noticias\/wp-json\/wp\/v2\/posts\/14649","targetHints":{"allow":["GET"]}}],"collection":[{"href":"https:\/\/www.notijalapa.net\/noticias\/wp-json\/wp\/v2\/posts"}],"about":[{"href":"https:\/\/www.notijalapa.net\/noticias\/wp-json\/wp\/v2\/types\/post"}],"author":[{"embeddable":true,"href":"https:\/\/www.notijalapa.net\/noticias\/wp-json\/wp\/v2\/users\/2"}],"replies":[{"embeddable":true,"href":"https:\/\/www.notijalapa.net\/noticias\/wp-json\/wp\/v2\/comments?post=14649"}],"version-history":[{"count":2,"href":"https:\/\/www.notijalapa.net\/noticias\/wp-json\/wp\/v2\/posts\/14649\/revisions"}],"predecessor-version":[{"id":14655,"href":"https:\/\/www.notijalapa.net\/noticias\/wp-json\/wp\/v2\/posts\/14649\/revisions\/14655"}],"wp:featuredmedia":[{"embeddable":true,"href":"https:\/\/www.notijalapa.net\/noticias\/wp-json\/wp\/v2\/media\/14636"}],"wp:attachment":[{"href":"https:\/\/www.notijalapa.net\/noticias\/wp-json\/wp\/v2\/media?parent=14649"}],"wp:term":[{"taxonomy":"category","embeddable":true,"href":"https:\/\/www.notijalapa.net\/noticias\/wp-json\/wp\/v2\/categories?post=14649"},{"taxonomy":"post_tag","embeddable":true,"href":"https:\/\/www.notijalapa.net\/noticias\/wp-json\/wp\/v2\/tags?post=14649"}],"curies":[{"name":"wp","href":"https:\/\/api.w.org\/{rel}","templated":true}]}}