{"id":14641,"date":"2023-08-23T13:01:53","date_gmt":"2023-08-23T13:01:53","guid":{"rendered":"https:\/\/www.notijalapa.net\/noticias\/?p=14641"},"modified":"2023-08-23T13:16:43","modified_gmt":"2023-08-23T13:16:43","slug":"cuatro-personas-fueron-detenidas-el-fin-de-semana-tres-de-ellas-por-infringir-la-ley-seca","status":"publish","type":"post","link":"https:\/\/www.notijalapa.net\/noticias\/2023\/08\/23\/cuatro-personas-fueron-detenidas-el-fin-de-semana-tres-de-ellas-por-infringir-la-ley-seca\/","title":{"rendered":"Cuatro personas fueron detenidas el fin de semana tres de ellas por infringir la ley seca"},"content":{"rendered":"<p>Durante el pasado fin de semana los agentes de la Polic\u00eda Nacional Civil est\u00e1n reportando la detenci\u00f3n de cuatro personas, tres de ellos por violentar la ley seca que estuvo vigente por las elecciones de la segunda vuelta, seg\u00fan lo dio a conocer Luis de la Cruz de la oficina de comunicaci\u00f3n social de PNC.<\/p>\n<p><a href=\"https:\/\/www.notijalapa.net\/noticias\/2023\/08\/23\/servicios-por-enfermedades-respiratorias-han-disminuido\/\">MIRA: Servicios por enfermedades respiratorias han disminuido<\/a><\/p>\n<p>En el barrio La Democracia, Jalapa, reportan la detenci\u00f3n de Daniel Isa\u00edas P\u00e9rez N\u00e1jera; de 69 a\u00f1os, quien era requerido por el Juzgado de Primera Instancia Penal Narcoactividad y Delitos Contra el Ambiente de Jalapa desde el 14 de agosto del a\u00f1o 2023, sindicado del delito de usurpaci\u00f3n agravada.<\/p>\n<p><iframe loading=\"lazy\" title=\"Cuatro personas fueron detenidas el fin de semana tres de ellas por infringir la ley seca\" width=\"640\" height=\"360\" src=\"https:\/\/www.youtube.com\/embed\/LOKyerjRTdM?feature=oembed\" frameborder=\"0\" allow=\"accelerometer; autoplay; clipboard-write; encrypted-media; gyroscope; picture-in-picture; web-share\" referrerpolicy=\"strict-origin-when-cross-origin\" allowfullscreen><\/iframe><\/p>\n<p>Cabe mencionar que, tambi\u00e9n durante el pasado fin de semana especialmente desde las primeras horas del d\u00eda domingo 20 de agosto estuvieron brindando seguridad en los diferentes centros de votaci\u00f3n, para evitar alg\u00fan inconveniente con las elecciones de la segunda vuelta electoral.<\/p>\n<p style=\"text-align: center;\"><iframe loading=\"lazy\" style=\"border: none; overflow: hidden;\" src=\"https:\/\/www.facebook.com\/plugins\/post.php?href=https%3A%2F%2Fwww.facebook.com%2Fpermalink.php%3Fstory_fbid%3Dpfbid0dsS3Wc4kwwi1oM73Gc4aFqutnhZBKdYtjKyMndQKLKc8Y8Vg7p6gnwAxEunoQRFMl%26id%3D100083158940816&amp;show_text=true&amp;width=500\" width=\"500\" height=\"755\" frameborder=\"0\" scrolling=\"no\" allowfullscreen=\"allowfullscreen\"><\/iframe><\/p>\n","protected":false},"excerpt":{"rendered":"<p>Durante el pasado fin de semana los agentes de la Polic\u00eda Nacional Civil est\u00e1n reportando la detenci\u00f3n de cuatro personas, tres de ellos por violentar la ley seca que estuvo vigente por las elecciones de la segunda vuelta, seg\u00fan lo dio a conocer Luis de la Cruz de la oficina de comunicaci\u00f3n social de PNC. MIRA: Servicios por enfermedades respiratorias han disminuido En el barrio La Democracia, Jalapa, reportan la detenci\u00f3n de Daniel Isa\u00edas P\u00e9rez N\u00e1jera; de 69 a\u00f1os, quien era requerido por el Juzgado de Primera Instancia Penal Narcoactividad&hellip;<\/p>\n","protected":false},"author":1,"featured_media":14637,"comment_status":"open","ping_status":"open","sticky":false,"template":"","format":"standard","meta":{"footnotes":""},"categories":[3],"tags":[4612,2288],"class_list":["post-14641","post","type-post","status-publish","format-standard","has-post-thumbnail","hentry","category-locales","tag-cuatro-personas-fueron-detenidas","tag-el-fin-de-semana"],"gutentor_comment":0,"_links":{"self":[{"href":"https:\/\/www.notijalapa.net\/noticias\/wp-json\/wp\/v2\/posts\/14641","targetHints":{"allow":["GET"]}}],"collection":[{"href":"https:\/\/www.notijalapa.net\/noticias\/wp-json\/wp\/v2\/posts"}],"about":[{"href":"https:\/\/www.notijalapa.net\/noticias\/wp-json\/wp\/v2\/types\/post"}],"author":[{"embeddable":true,"href":"https:\/\/www.notijalapa.net\/noticias\/wp-json\/wp\/v2\/users\/1"}],"replies":[{"embeddable":true,"href":"https:\/\/www.notijalapa.net\/noticias\/wp-json\/wp\/v2\/comments?post=14641"}],"version-history":[{"count":3,"href":"https:\/\/www.notijalapa.net\/noticias\/wp-json\/wp\/v2\/posts\/14641\/revisions"}],"predecessor-version":[{"id":14659,"href":"https:\/\/www.notijalapa.net\/noticias\/wp-json\/wp\/v2\/posts\/14641\/revisions\/14659"}],"wp:featuredmedia":[{"embeddable":true,"href":"https:\/\/www.notijalapa.net\/noticias\/wp-json\/wp\/v2\/media\/14637"}],"wp:attachment":[{"href":"https:\/\/www.notijalapa.net\/noticias\/wp-json\/wp\/v2\/media?parent=14641"}],"wp:term":[{"taxonomy":"category","embeddable":true,"href":"https:\/\/www.notijalapa.net\/noticias\/wp-json\/wp\/v2\/categories?post=14641"},{"taxonomy":"post_tag","embeddable":true,"href":"https:\/\/www.notijalapa.net\/noticias\/wp-json\/wp\/v2\/tags?post=14641"}],"curies":[{"name":"wp","href":"https:\/\/api.w.org\/{rel}","templated":true}]}}