{"id":14572,"date":"2023-08-17T15:37:17","date_gmt":"2023-08-17T15:37:17","guid":{"rendered":"https:\/\/www.notijalapa.net\/noticias\/?p=14572"},"modified":"2023-08-17T15:45:12","modified_gmt":"2023-08-17T15:45:12","slug":"en-renap-para-esta-segunda-vuelta-electoral-cambian-el-horario-de-atencion","status":"publish","type":"post","link":"https:\/\/www.notijalapa.net\/noticias\/2023\/08\/17\/en-renap-para-esta-segunda-vuelta-electoral-cambian-el-horario-de-atencion\/","title":{"rendered":"En RENAP para esta segunda vuelta electoral cambian el horario de atenci\u00f3n"},"content":{"rendered":"<p>Debido a la afluencia de personas que tuvieron en las elecciones de la primera vuelta, el personal del Registro Nacional de las Personas para esta semana ha cambiado su horario de atenci\u00f3n, seg\u00fan lo dio a conocer la Licda. Magda Moran Registradora Civil de RENAP.<\/p>\n<p><a href=\"https:\/\/www.notijalapa.net\/noticias\/2023\/08\/17\/ahora-varios-tramites-de-renap-pueden-hacerlos-en-linea\/\">MIRA: Ahora varios tramites de RENAP pueden hacerlos en l\u00ednea<\/a><\/p>\n<p>Cabe mencionar que, en esta semana electoral desde 14 al 19 de agosto est\u00e1n atendiendo desde las 7:00 a las 17:00 horas, el d\u00eda domingo 20 de agosto estar\u00e1n laborando de 6:00 a 18:00 horas, para cualquier tipo de tr\u00e1mite, pero le estar\u00e1n dando prioridad a la entrega del Documento Personal de Identificaci\u00f3n (DPI).<\/p>\n<p><iframe loading=\"lazy\" title=\"En RENAP para esta segunda vuelta electoral cambian el horario de atenci\u00f3n\" width=\"640\" height=\"360\" src=\"https:\/\/www.youtube.com\/embed\/26KE6LKAyUU?feature=oembed\" frameborder=\"0\" allow=\"accelerometer; autoplay; clipboard-write; encrypted-media; gyroscope; picture-in-picture; web-share\" referrerpolicy=\"strict-origin-when-cross-origin\" allowfullscreen><\/iframe><\/p>\n<p>Para la entrega del DPI hasta el 19 de agosto se la podr\u00edan entregar a terceras personas siempre y cuando tengan un v\u00ednculo familiar, ahora el 20 de agosto \u00fanicamente estar\u00e1n entregando el documento al titular no a terceras personas.<\/p>\n<p style=\"text-align: center;\"><iframe loading=\"lazy\" style=\"border: none; overflow: hidden;\" src=\"https:\/\/www.facebook.com\/plugins\/post.php?href=https%3A%2F%2Fwww.facebook.com%2Fpermalink.php%3Fstory_fbid%3Dpfbid02bYE4ebgoUheWmzNegGvoDGcEvL3YBcKc5avg9whphivSNzc9Q5zf1RFS5QCp56DAl%26id%3D100083158940816&amp;show_text=true&amp;width=500\" width=\"500\" height=\"793\" frameborder=\"0\" scrolling=\"no\" allowfullscreen=\"allowfullscreen\"><\/iframe><\/p>\n","protected":false},"excerpt":{"rendered":"<p>Debido a la afluencia de personas que tuvieron en las elecciones de la primera vuelta, el personal del Registro Nacional de las Personas para esta semana ha cambiado su horario de atenci\u00f3n, seg\u00fan lo dio a conocer la Licda. Magda Moran Registradora Civil de RENAP. MIRA: Ahora varios tramites de RENAP pueden hacerlos en l\u00ednea Cabe mencionar que, en esta semana electoral desde 14 al 19 de agosto est\u00e1n atendiendo desde las 7:00 a las 17:00 horas, el d\u00eda domingo 20 de agosto estar\u00e1n laborando de 6:00 a 18:00 horas,&hellip;<\/p>\n","protected":false},"author":2,"featured_media":14560,"comment_status":"open","ping_status":"open","sticky":false,"template":"","format":"standard","meta":{"footnotes":""},"categories":[3],"tags":[4583,4582],"class_list":["post-14572","post","type-post","status-publish","format-standard","has-post-thumbnail","hentry","category-locales","tag-cambian-el-horario-de-atencion","tag-en-renap-para-esta-segunda-vuelta-electoral"],"gutentor_comment":0,"_links":{"self":[{"href":"https:\/\/www.notijalapa.net\/noticias\/wp-json\/wp\/v2\/posts\/14572","targetHints":{"allow":["GET"]}}],"collection":[{"href":"https:\/\/www.notijalapa.net\/noticias\/wp-json\/wp\/v2\/posts"}],"about":[{"href":"https:\/\/www.notijalapa.net\/noticias\/wp-json\/wp\/v2\/types\/post"}],"author":[{"embeddable":true,"href":"https:\/\/www.notijalapa.net\/noticias\/wp-json\/wp\/v2\/users\/2"}],"replies":[{"embeddable":true,"href":"https:\/\/www.notijalapa.net\/noticias\/wp-json\/wp\/v2\/comments?post=14572"}],"version-history":[{"count":2,"href":"https:\/\/www.notijalapa.net\/noticias\/wp-json\/wp\/v2\/posts\/14572\/revisions"}],"predecessor-version":[{"id":14578,"href":"https:\/\/www.notijalapa.net\/noticias\/wp-json\/wp\/v2\/posts\/14572\/revisions\/14578"}],"wp:featuredmedia":[{"embeddable":true,"href":"https:\/\/www.notijalapa.net\/noticias\/wp-json\/wp\/v2\/media\/14560"}],"wp:attachment":[{"href":"https:\/\/www.notijalapa.net\/noticias\/wp-json\/wp\/v2\/media?parent=14572"}],"wp:term":[{"taxonomy":"category","embeddable":true,"href":"https:\/\/www.notijalapa.net\/noticias\/wp-json\/wp\/v2\/categories?post=14572"},{"taxonomy":"post_tag","embeddable":true,"href":"https:\/\/www.notijalapa.net\/noticias\/wp-json\/wp\/v2\/tags?post=14572"}],"curies":[{"name":"wp","href":"https:\/\/api.w.org\/{rel}","templated":true}]}}