{"id":14558,"date":"2023-08-17T15:34:34","date_gmt":"2023-08-17T15:34:34","guid":{"rendered":"https:\/\/www.notijalapa.net\/noticias\/?p=14558"},"modified":"2023-08-17T15:50:34","modified_gmt":"2023-08-17T15:50:34","slug":"se-preparan-para-observar-el-desarrollo-de-la-segunda-vuelta-electoral","status":"publish","type":"post","link":"https:\/\/www.notijalapa.net\/noticias\/2023\/08\/17\/se-preparan-para-observar-el-desarrollo-de-la-segunda-vuelta-electoral\/","title":{"rendered":"Se preparan para observar el desarrollo de la segunda vuelta electoral"},"content":{"rendered":"<p>Para esta segunda vuelta electoral que est\u00e1 a d\u00edas de realizarse, contaran siempre con todo el personal de la Procuradur\u00eda de los Derechos Humanos y con los voluntarios para acompa\u00f1ar este proceso electoral que se desarrollara el 20 de agosto, seg\u00fan lo dio a conocer la Licda. Cecilia Isabel Aguirre Auxiliar del Procurador de los Derechos humanos.<\/p>\n<p><a href=\"https:\/\/www.notijalapa.net\/noticias\/2023\/08\/17\/es-sentenciado-a-25-anos-de-prision-por-el-delito-de-omision-en-grado-de-tentativa\/\">MIRA: Es sentenciado a 25 a\u00f1os de prisi\u00f3n por el delito de omisi\u00f3n en grado de tentativa<\/a><\/p>\n<p>En ese sentido se van a constituir a los diferentes centros de votaci\u00f3n para hacer todas las verificaciones oportunas, ya han emitido las recomendaciones al Tribunal Supremo Electoral y a la Junta Electora Departamental en base a lo que observaron en esta primera vuelta.<\/p>\n<p><iframe loading=\"lazy\" title=\"Se preparan para observa el desarrollo de la segunda vuelta electoral\" width=\"640\" height=\"360\" src=\"https:\/\/www.youtube.com\/embed\/4Ka-rSlRJZY?feature=oembed\" frameborder=\"0\" allow=\"accelerometer; autoplay; clipboard-write; encrypted-media; gyroscope; picture-in-picture; web-share\" referrerpolicy=\"strict-origin-when-cross-origin\" allowfullscreen><\/iframe><\/p>\n<p>Van acompa\u00f1ar al pueblo jalapaneco en esta segunda vuelta electoral para garantizar un proceso en paz en el departamento. As\u00ed mismo van a contar con los 67 voluntarios universitarios quienes tambi\u00e9n estar\u00e1n en los centros de votaci\u00f3n por cualquier anomal\u00eda que se pudiera dar.<\/p>\n<p style=\"text-align: center;\"><iframe loading=\"lazy\" style=\"border: none; overflow: hidden;\" src=\"https:\/\/www.facebook.com\/plugins\/post.php?href=https%3A%2F%2Fwww.facebook.com%2Fpermalink.php%3Fstory_fbid%3Dpfbid029wx8x95r1SkftgvkzkMKJy2BLj5hJn5mFw17Gk9Nqn5waRzgKXDBKNYuGPDctDMBl%26id%3D100083158940816&amp;show_text=true&amp;width=500\" width=\"500\" height=\"544\" frameborder=\"0\" scrolling=\"no\" allowfullscreen=\"allowfullscreen\"><\/iframe><\/p>\n","protected":false},"excerpt":{"rendered":"<p>Para esta segunda vuelta electoral que est\u00e1 a d\u00edas de realizarse, contaran siempre con todo el personal de la Procuradur\u00eda de los Derechos Humanos y con los voluntarios para acompa\u00f1ar este proceso electoral que se desarrollara el 20 de agosto, seg\u00fan lo dio a conocer la Licda. Cecilia Isabel Aguirre Auxiliar del Procurador de los Derechos humanos. MIRA: Es sentenciado a 25 a\u00f1os de prisi\u00f3n por el delito de omisi\u00f3n en grado de tentativa En ese sentido se van a constituir a los diferentes centros de votaci\u00f3n para hacer todas&hellip;<\/p>\n","protected":false},"author":2,"featured_media":14559,"comment_status":"open","ping_status":"open","sticky":false,"template":"","format":"standard","meta":{"footnotes":""},"categories":[3],"tags":[4361,4575],"class_list":["post-14558","post","type-post","status-publish","format-standard","has-post-thumbnail","hentry","category-locales","tag-la-segunda-vuelta-electoral","tag-se-preparan-para-observar"],"gutentor_comment":0,"_links":{"self":[{"href":"https:\/\/www.notijalapa.net\/noticias\/wp-json\/wp\/v2\/posts\/14558","targetHints":{"allow":["GET"]}}],"collection":[{"href":"https:\/\/www.notijalapa.net\/noticias\/wp-json\/wp\/v2\/posts"}],"about":[{"href":"https:\/\/www.notijalapa.net\/noticias\/wp-json\/wp\/v2\/types\/post"}],"author":[{"embeddable":true,"href":"https:\/\/www.notijalapa.net\/noticias\/wp-json\/wp\/v2\/users\/2"}],"replies":[{"embeddable":true,"href":"https:\/\/www.notijalapa.net\/noticias\/wp-json\/wp\/v2\/comments?post=14558"}],"version-history":[{"count":2,"href":"https:\/\/www.notijalapa.net\/noticias\/wp-json\/wp\/v2\/posts\/14558\/revisions"}],"predecessor-version":[{"id":14582,"href":"https:\/\/www.notijalapa.net\/noticias\/wp-json\/wp\/v2\/posts\/14558\/revisions\/14582"}],"wp:featuredmedia":[{"embeddable":true,"href":"https:\/\/www.notijalapa.net\/noticias\/wp-json\/wp\/v2\/media\/14559"}],"wp:attachment":[{"href":"https:\/\/www.notijalapa.net\/noticias\/wp-json\/wp\/v2\/media?parent=14558"}],"wp:term":[{"taxonomy":"category","embeddable":true,"href":"https:\/\/www.notijalapa.net\/noticias\/wp-json\/wp\/v2\/categories?post=14558"},{"taxonomy":"post_tag","embeddable":true,"href":"https:\/\/www.notijalapa.net\/noticias\/wp-json\/wp\/v2\/tags?post=14558"}],"curies":[{"name":"wp","href":"https:\/\/api.w.org\/{rel}","templated":true}]}}