{"id":1388,"date":"2021-11-10T12:41:22","date_gmt":"2021-11-10T12:41:22","guid":{"rendered":"https:\/\/www.notijalapa.net\/noticias\/?p=1388"},"modified":"2021-11-10T12:57:53","modified_gmt":"2021-11-10T12:57:53","slug":"aperturan-oficinas-en-san-luis-jilotepeque-de-la-defensa-publica-penal","status":"publish","type":"post","link":"https:\/\/www.notijalapa.net\/noticias\/2021\/11\/10\/aperturan-oficinas-en-san-luis-jilotepeque-de-la-defensa-publica-penal\/","title":{"rendered":"Aperturan oficinas en san Luis Jilotepeque de la defensa publica penal"},"content":{"rendered":"<p>En la Defensa Publica Penal cuentan con el mismo personal que ha estado durante algunos a\u00f1os, hay varios abogados que est\u00e1n a disposici\u00f3n de defender a la poblaci\u00f3n jalapaneca, seg\u00fan lo dio a conocer el Lic. Axel Espino Coordinador en Defensa P\u00fablica Penal.<\/p>\n<p><a href=\"https:\/\/www.notijalapa.net\/noticias\/2021\/11\/10\/bomberos-forestales-en-apresto-por-la-temporada-de-incendios\/\">MIRA: Bomberos forestales en apresto por la temporada de incendios<\/a><\/p>\n<p>As\u00ed mismo durante este a\u00f1o aparte de las oficinas que est\u00e1n en Jalapa, tambi\u00e9n se apertura una oficina en el municipio de San Luis Jilotepeque, esto para empezar ya a expandirse a los municipios del departamento de Jalapa.<\/p>\n<p><iframe loading=\"lazy\" title=\"Aperturan Oficinas En San Luis Jilotepeque De La Defensa Publica Penal 1\" width=\"640\" height=\"360\" src=\"https:\/\/www.youtube.com\/embed\/K8iMEnFHs90?feature=oembed\" frameborder=\"0\" allow=\"accelerometer; autoplay; clipboard-write; encrypted-media; gyroscope; picture-in-picture; web-share\" referrerpolicy=\"strict-origin-when-cross-origin\" allowfullscreen><\/iframe><\/p>\n<p>El objetivo es poder brindar sus servicios a muchas m\u00e1s personas que as\u00ed los requieran, hay varios abogados en las oficinas que est\u00e1n en total disposici\u00f3n de brindar cualquier servicio a en defensa de las personas.<\/p>\n<p style=\"text-align: center;\"><iframe loading=\"lazy\" style=\"border: none; overflow: hidden;\" src=\"https:\/\/www.facebook.com\/plugins\/post.php?href=https%3A%2F%2Fwww.facebook.com%2Fpermalink.php%3Fstory_fbid%3D4546245352158247%26id%3D541551329294356&amp;show_text=true&amp;width=500\" width=\"500\" height=\"807\" frameborder=\"0\" scrolling=\"no\" allowfullscreen=\"allowfullscreen\"><\/iframe><\/p>\n","protected":false},"excerpt":{"rendered":"<p>En la Defensa Publica Penal cuentan con el mismo personal que ha estado durante algunos a\u00f1os, hay varios abogados que est\u00e1n a disposici\u00f3n de defender a la poblaci\u00f3n jalapaneca, seg\u00fan lo dio a conocer el Lic. Axel Espino Coordinador en Defensa P\u00fablica Penal. MIRA: Bomberos forestales en apresto por la temporada de incendios As\u00ed mismo durante este a\u00f1o aparte de las oficinas que est\u00e1n en Jalapa, tambi\u00e9n se apertura una oficina en el municipio de San Luis Jilotepeque, esto para empezar ya a expandirse a los municipios del departamento de&hellip;<\/p>\n","protected":false},"author":2,"featured_media":1389,"comment_status":"open","ping_status":"open","sticky":false,"template":"","format":"standard","meta":{"footnotes":""},"categories":[3],"tags":[169,42,72],"class_list":["post-1388","post","type-post","status-publish","format-standard","has-post-thumbnail","hentry","category-locales","tag-defensa-publica-penal","tag-jalapa","tag-san-luis-jilotepeque"],"gutentor_comment":0,"_links":{"self":[{"href":"https:\/\/www.notijalapa.net\/noticias\/wp-json\/wp\/v2\/posts\/1388","targetHints":{"allow":["GET"]}}],"collection":[{"href":"https:\/\/www.notijalapa.net\/noticias\/wp-json\/wp\/v2\/posts"}],"about":[{"href":"https:\/\/www.notijalapa.net\/noticias\/wp-json\/wp\/v2\/types\/post"}],"author":[{"embeddable":true,"href":"https:\/\/www.notijalapa.net\/noticias\/wp-json\/wp\/v2\/users\/2"}],"replies":[{"embeddable":true,"href":"https:\/\/www.notijalapa.net\/noticias\/wp-json\/wp\/v2\/comments?post=1388"}],"version-history":[{"count":3,"href":"https:\/\/www.notijalapa.net\/noticias\/wp-json\/wp\/v2\/posts\/1388\/revisions"}],"predecessor-version":[{"id":1410,"href":"https:\/\/www.notijalapa.net\/noticias\/wp-json\/wp\/v2\/posts\/1388\/revisions\/1410"}],"wp:featuredmedia":[{"embeddable":true,"href":"https:\/\/www.notijalapa.net\/noticias\/wp-json\/wp\/v2\/media\/1389"}],"wp:attachment":[{"href":"https:\/\/www.notijalapa.net\/noticias\/wp-json\/wp\/v2\/media?parent=1388"}],"wp:term":[{"taxonomy":"category","embeddable":true,"href":"https:\/\/www.notijalapa.net\/noticias\/wp-json\/wp\/v2\/categories?post=1388"},{"taxonomy":"post_tag","embeddable":true,"href":"https:\/\/www.notijalapa.net\/noticias\/wp-json\/wp\/v2\/tags?post=1388"}],"curies":[{"name":"wp","href":"https:\/\/api.w.org\/{rel}","templated":true}]}}