{"id":13679,"date":"2023-07-05T12:38:05","date_gmt":"2023-07-05T12:38:05","guid":{"rendered":"https:\/\/www.notijalapa.net\/noticias\/?p=13679"},"modified":"2023-07-05T12:47:09","modified_gmt":"2023-07-05T12:47:09","slug":"esperan-que-este-nuevo-conteo-de-actas-genere-una-convivencia-pacifica","status":"publish","type":"post","link":"https:\/\/www.notijalapa.net\/noticias\/2023\/07\/05\/esperan-que-este-nuevo-conteo-de-actas-genere-una-convivencia-pacifica\/","title":{"rendered":"Esperan que este nuevo conteo de actas genere una convivencia pac\u00edfica"},"content":{"rendered":"<p>Conocen la orden de la Corte de Constitucionalidad en contra del Tribunal Supremo Electoral, para hacer un reconteo de actas, la cual fue aplazada para cinco d\u00edas y que se desarrollara en el parque de la Industria, donde deber\u00e1n estar presentes todas las Juntas Electorales Departamentales para que se desarrolle esta actividad ordenada por la Corte de Constitucionalidad, seg\u00fan lo dio a conocer la Licda. Cecilia Isabel Aguirre Auxiliar del Procurador de los Derechos Humanos.<\/p>\n<p><a href=\"https:\/\/www.notijalapa.net\/noticias\/2023\/07\/05\/la-academia-es-gratuita-pero-necesitan-apoyo-de-jalapanecos\/\">MIRA: La academia es gratuita, pero necesitan apoyo de jalapanecos<\/a><\/p>\n<p>Lo que esperan es, que la poblaci\u00f3n este atenta, que la poblaci\u00f3n se informe y que estas actividades sean p\u00fablicas y transparentes en tanto que conocen que el Tribunal Supremo Electoral fue denunciado por nueve organizaciones pol\u00edticas en el entendido que no se le dio audiencia al TSE para evacuar esta denuncia.<\/p>\n<p><iframe loading=\"lazy\" title=\"Esperan que este nuevo conteo de actas genere una convivencia pac\u00edfica\" width=\"640\" height=\"360\" src=\"https:\/\/www.youtube.com\/embed\/E94Qch645_0?feature=oembed\" frameborder=\"0\" allow=\"accelerometer; autoplay; clipboard-write; encrypted-media; gyroscope; picture-in-picture; web-share\" referrerpolicy=\"strict-origin-when-cross-origin\" allowfullscreen><\/iframe><\/p>\n<p>En ese sentido esperan que, los resultados de este nuevo conteo de las actas de las elecciones del 25 de junio, generen una convivencia pac\u00edfica y tranquilidad en el departamento de Jalapa y en todo el pa\u00eds.<\/p>\n<p style=\"text-align: center;\"><iframe loading=\"lazy\" style=\"border: none; overflow: hidden;\" src=\"https:\/\/www.facebook.com\/plugins\/post.php?href=https%3A%2F%2Fwww.facebook.com%2Fpermalink.php%3Fstory_fbid%3Dpfbid07qqC5cNLWHEvsjPNHwAX7syygCbTmj5J2WJRtRGcdN4Ct2LbkjSoPv2vzWXyCPLWl%26id%3D100083158940816&amp;show_text=true&amp;width=500\" width=\"500\" height=\"525\" frameborder=\"0\" scrolling=\"no\" allowfullscreen=\"allowfullscreen\"><\/iframe><\/p>\n","protected":false},"excerpt":{"rendered":"<p>Conocen la orden de la Corte de Constitucionalidad en contra del Tribunal Supremo Electoral, para hacer un reconteo de actas, la cual fue aplazada para cinco d\u00edas y que se desarrollara en el parque de la Industria, donde deber\u00e1n estar presentes todas las Juntas Electorales Departamentales para que se desarrolle esta actividad ordenada por la Corte de Constitucionalidad, seg\u00fan lo dio a conocer la Licda. Cecilia Isabel Aguirre Auxiliar del Procurador de los Derechos Humanos. MIRA: La academia es gratuita, pero necesitan apoyo de jalapanecos Lo que esperan es, que&hellip;<\/p>\n","protected":false},"author":2,"featured_media":13669,"comment_status":"open","ping_status":"open","sticky":false,"template":"","format":"standard","meta":{"footnotes":""},"categories":[3],"tags":[4253,4254],"class_list":["post-13679","post","type-post","status-publish","format-standard","has-post-thumbnail","hentry","category-locales","tag-esperan-que-este-nuevo-conteo-de-actas","tag-genere-una-convivencia-pacifica"],"gutentor_comment":0,"_links":{"self":[{"href":"https:\/\/www.notijalapa.net\/noticias\/wp-json\/wp\/v2\/posts\/13679","targetHints":{"allow":["GET"]}}],"collection":[{"href":"https:\/\/www.notijalapa.net\/noticias\/wp-json\/wp\/v2\/posts"}],"about":[{"href":"https:\/\/www.notijalapa.net\/noticias\/wp-json\/wp\/v2\/types\/post"}],"author":[{"embeddable":true,"href":"https:\/\/www.notijalapa.net\/noticias\/wp-json\/wp\/v2\/users\/2"}],"replies":[{"embeddable":true,"href":"https:\/\/www.notijalapa.net\/noticias\/wp-json\/wp\/v2\/comments?post=13679"}],"version-history":[{"count":3,"href":"https:\/\/www.notijalapa.net\/noticias\/wp-json\/wp\/v2\/posts\/13679\/revisions"}],"predecessor-version":[{"id":13682,"href":"https:\/\/www.notijalapa.net\/noticias\/wp-json\/wp\/v2\/posts\/13679\/revisions\/13682"}],"wp:featuredmedia":[{"embeddable":true,"href":"https:\/\/www.notijalapa.net\/noticias\/wp-json\/wp\/v2\/media\/13669"}],"wp:attachment":[{"href":"https:\/\/www.notijalapa.net\/noticias\/wp-json\/wp\/v2\/media?parent=13679"}],"wp:term":[{"taxonomy":"category","embeddable":true,"href":"https:\/\/www.notijalapa.net\/noticias\/wp-json\/wp\/v2\/categories?post=13679"},{"taxonomy":"post_tag","embeddable":true,"href":"https:\/\/www.notijalapa.net\/noticias\/wp-json\/wp\/v2\/tags?post=13679"}],"curies":[{"name":"wp","href":"https:\/\/api.w.org\/{rel}","templated":true}]}}