{"id":13527,"date":"2023-06-24T12:41:39","date_gmt":"2023-06-24T12:41:39","guid":{"rendered":"https:\/\/www.notijalapa.net\/noticias\/?p=13527"},"modified":"2023-06-24T12:55:55","modified_gmt":"2023-06-24T12:55:55","slug":"capacitan-y-sensibilizan-sobre-el-cuidado-de-los-bosques-a-estudiantes","status":"publish","type":"post","link":"https:\/\/www.notijalapa.net\/noticias\/2023\/06\/24\/capacitan-y-sensibilizan-sobre-el-cuidado-de-los-bosques-a-estudiantes\/","title":{"rendered":"Capacitan y sensibilizan sobre el cuidado de los bosques a estudiantes"},"content":{"rendered":"<p>Varios centros educativos se han acercado a las oficinas del Instituto Nacional de Bosques para solicitar que les impartan charlas a j\u00f3venes y ni\u00f1os sobre los bosques y la conservaci\u00f3n de los mismos, seg\u00fan lo dio a conocer el Ing. Josu\u00e9 Flori\u00e1n delegado del INAB.<\/p>\n<p><a href=\"https:\/\/www.notijalapa.net\/noticias\/2023\/06\/24\/recomienda-no-comercializar-ni-consumir-alimentos-en-ferias\/\">MIRA: Recomienda no comercializar ni consumir alimentos en ferias<\/a><\/p>\n<p>Consideran que m\u00e1s centros educativos se podr\u00edan involucrar, hace el llamado a los directores y docentes de los diferentes centros educativos para que, si necesitan que les apoyen con sensibilizaci\u00f3n o charlas en cuanto al cuidado de los bosques ellos est\u00e1n en la disposici\u00f3n de apoyar.<\/p>\n<p><iframe loading=\"lazy\" title=\"Capacitan y sensibilizan sobre el cuidado de los bosques a estudiantes\" width=\"640\" height=\"360\" src=\"https:\/\/www.youtube.com\/embed\/2z_NM13kxb8?feature=oembed\" frameborder=\"0\" allow=\"accelerometer; autoplay; clipboard-write; encrypted-media; gyroscope; picture-in-picture; web-share\" referrerpolicy=\"strict-origin-when-cross-origin\" allowfullscreen><\/iframe><\/p>\n<p>Si en caso tienen \u00e1reas para reforestar tambi\u00e9n podr\u00edan ver c\u00f3mo planifican y organizan una reforestaci\u00f3n en algunas \u00e1reas que se considere necesario.<\/p>\n<p>A pesar de no tener todo el personal que quisieran para realizar las sensibilizaciones, hacen los esfuerzos para salir de todas las actividades y sobre todo capacitar a los ni\u00f1os y j\u00f3venes de los centros educativos.<\/p>\n<p style=\"text-align: center;\"><iframe loading=\"lazy\" style=\"border: none; overflow: hidden;\" src=\"https:\/\/www.facebook.com\/plugins\/post.php?href=https%3A%2F%2Fwww.facebook.com%2Fpermalink.php%3Fstory_fbid%3Dpfbid02Kx9tTywBz5nRjPyE7rJMUDY73JqeyMipFGKKbg7VxZqKQhuJLTeEtMoeGZ4BoiHNl%26id%3D100083158940816&amp;show_text=true&amp;width=500\" width=\"500\" height=\"506\" frameborder=\"0\" scrolling=\"no\" allowfullscreen=\"allowfullscreen\"><\/iframe><\/p>\n","protected":false},"excerpt":{"rendered":"<p>Varios centros educativos se han acercado a las oficinas del Instituto Nacional de Bosques para solicitar que les impartan charlas a j\u00f3venes y ni\u00f1os sobre los bosques y la conservaci\u00f3n de los mismos, seg\u00fan lo dio a conocer el Ing. Josu\u00e9 Flori\u00e1n delegado del INAB. MIRA: Recomienda no comercializar ni consumir alimentos en ferias Consideran que m\u00e1s centros educativos se podr\u00edan involucrar, hace el llamado a los directores y docentes de los diferentes centros educativos para que, si necesitan que les apoyen con sensibilizaci\u00f3n o charlas en cuanto al cuidado&hellip;<\/p>\n","protected":false},"author":2,"featured_media":13518,"comment_status":"open","ping_status":"open","sticky":false,"template":"","format":"standard","meta":{"footnotes":""},"categories":[3],"tags":[4193,4194],"class_list":["post-13527","post","type-post","status-publish","format-standard","has-post-thumbnail","hentry","category-locales","tag-capacitan-y-sensibilizan","tag-cuidado-de-los-bosques-a-estudiantes"],"gutentor_comment":0,"_links":{"self":[{"href":"https:\/\/www.notijalapa.net\/noticias\/wp-json\/wp\/v2\/posts\/13527","targetHints":{"allow":["GET"]}}],"collection":[{"href":"https:\/\/www.notijalapa.net\/noticias\/wp-json\/wp\/v2\/posts"}],"about":[{"href":"https:\/\/www.notijalapa.net\/noticias\/wp-json\/wp\/v2\/types\/post"}],"author":[{"embeddable":true,"href":"https:\/\/www.notijalapa.net\/noticias\/wp-json\/wp\/v2\/users\/2"}],"replies":[{"embeddable":true,"href":"https:\/\/www.notijalapa.net\/noticias\/wp-json\/wp\/v2\/comments?post=13527"}],"version-history":[{"count":2,"href":"https:\/\/www.notijalapa.net\/noticias\/wp-json\/wp\/v2\/posts\/13527\/revisions"}],"predecessor-version":[{"id":13536,"href":"https:\/\/www.notijalapa.net\/noticias\/wp-json\/wp\/v2\/posts\/13527\/revisions\/13536"}],"wp:featuredmedia":[{"embeddable":true,"href":"https:\/\/www.notijalapa.net\/noticias\/wp-json\/wp\/v2\/media\/13518"}],"wp:attachment":[{"href":"https:\/\/www.notijalapa.net\/noticias\/wp-json\/wp\/v2\/media?parent=13527"}],"wp:term":[{"taxonomy":"category","embeddable":true,"href":"https:\/\/www.notijalapa.net\/noticias\/wp-json\/wp\/v2\/categories?post=13527"},{"taxonomy":"post_tag","embeddable":true,"href":"https:\/\/www.notijalapa.net\/noticias\/wp-json\/wp\/v2\/tags?post=13527"}],"curies":[{"name":"wp","href":"https:\/\/api.w.org\/{rel}","templated":true}]}}