{"id":13345,"date":"2023-06-16T12:52:26","date_gmt":"2023-06-16T12:52:26","guid":{"rendered":"https:\/\/www.notijalapa.net\/noticias\/?p=13345"},"modified":"2023-06-16T13:05:35","modified_gmt":"2023-06-16T13:05:35","slug":"capacitan-a-personal-de-educacion-sobre-la-ley-de-acceso-a-la-informacion-publica-faltan-las-opf","status":"publish","type":"post","link":"https:\/\/www.notijalapa.net\/noticias\/2023\/06\/16\/capacitan-a-personal-de-educacion-sobre-la-ley-de-acceso-a-la-informacion-publica-faltan-las-opf\/","title":{"rendered":"Capacitan a personal de educaci\u00f3n sobre la ley de acceso a la informaci\u00f3n p\u00fablica, faltan las OPF"},"content":{"rendered":"<p>Dentro de las coordinaciones interinstitucionales que desarrollan en el departamento de Jalapa, este jueves tuvieron un espacio de capacitaci\u00f3n a directores, maestros y personal administrativo del Ministerio de Educaci\u00f3n, es as\u00ed como estuvieron desarrollando el tema sobre la ley de acceso a la informaci\u00f3n p\u00fablica, seg\u00fan lo dio a conocer la Licda. Cecilia Isabel Aguirre Auxiliar del Procurador de los Derechos Humanos.<\/p>\n<p><a href=\"https:\/\/www.notijalapa.net\/noticias\/2023\/06\/16\/el-proximo-ano-construiran-un-caimi-con-el-presupuesto-de-codede\/\">MIRA: El pr\u00f3ximo a\u00f1o construir\u00e1n un CAIMI con el presupuesto de CODEDE<\/a><\/p>\n<p>Considerando que, educaci\u00f3n es una de las instituciones responsables de otorgar informaci\u00f3n, es un sujeto a brindar la informaci\u00f3n p\u00fablica a la poblaci\u00f3n, de manera que permita tener un amplio conocimiento del que hacer de las instituciones en el departamento de Jalapa y que los ciudadanos se le facilite el acceso a la informaci\u00f3n.<\/p>\n<p><iframe loading=\"lazy\" title=\"Capacitan a personal de educaci\u00f3n sobre la ley de acceso a la informaci\u00f3n p\u00fablica, faltan las OPF\" width=\"640\" height=\"360\" src=\"https:\/\/www.youtube.com\/embed\/MA96T3eZQjc?feature=oembed\" frameborder=\"0\" allow=\"accelerometer; autoplay; clipboard-write; encrypted-media; gyroscope; picture-in-picture; web-share\" referrerpolicy=\"strict-origin-when-cross-origin\" allowfullscreen><\/iframe><\/p>\n<p>Existe poco conocimiento sobre la ley de acceso a la informaci\u00f3n p\u00fablica y de las responsabilidades que la ley les obliga a los funcionario y empleados p\u00fablicos para otorgar informaci\u00f3n y que debe de ser conocimiento de las personas que est\u00e1n en las oficinas de acceso a la informaci\u00f3n.<\/p>\n<p>Le parece muy prudente capacitar a las Organizaciones de Padres de Familia, debido que toda organizaci\u00f3n del Estado debe de ser supervisadas porque manejan fondos p\u00fablicos y una OPF maneja fondos del Estado, por lo tanto, deber\u00e1n de ser supervisadas y son sujetos obligados a dar informaci\u00f3n.<\/p>\n<p style=\"text-align: center;\"><iframe loading=\"lazy\" style=\"border: none; overflow: hidden;\" src=\"https:\/\/www.facebook.com\/plugins\/post.php?href=https%3A%2F%2Fwww.facebook.com%2Fpermalink.php%3Fstory_fbid%3Dpfbid02JoXnc19fHPBfotzNVHeKAysJah6ZXKi85Wdrzjuybftn5pdtJeBY138mPDhhN3fql%26id%3D100083158940816&amp;show_text=true&amp;width=500\" width=\"500\" height=\"506\" frameborder=\"0\" scrolling=\"no\" allowfullscreen=\"allowfullscreen\"><\/iframe><\/p>\n","protected":false},"excerpt":{"rendered":"<p>Dentro de las coordinaciones interinstitucionales que desarrollan en el departamento de Jalapa, este jueves tuvieron un espacio de capacitaci\u00f3n a directores, maestros y personal administrativo del Ministerio de Educaci\u00f3n, es as\u00ed como estuvieron desarrollando el tema sobre la ley de acceso a la informaci\u00f3n p\u00fablica, seg\u00fan lo dio a conocer la Licda. Cecilia Isabel Aguirre Auxiliar del Procurador de los Derechos Humanos. MIRA: El pr\u00f3ximo a\u00f1o construir\u00e1n un CAIMI con el presupuesto de CODEDE Considerando que, educaci\u00f3n es una de las instituciones responsables de otorgar informaci\u00f3n, es un sujeto a&hellip;<\/p>\n","protected":false},"author":2,"featured_media":13338,"comment_status":"open","ping_status":"open","sticky":false,"template":"","format":"standard","meta":{"footnotes":""},"categories":[3],"tags":[4129,4130],"class_list":["post-13345","post","type-post","status-publish","format-standard","has-post-thumbnail","hentry","category-locales","tag-capacitan-a-personal-de-educacion","tag-ey-de-acceso-a-la-informacion-publica"],"gutentor_comment":0,"_links":{"self":[{"href":"https:\/\/www.notijalapa.net\/noticias\/wp-json\/wp\/v2\/posts\/13345","targetHints":{"allow":["GET"]}}],"collection":[{"href":"https:\/\/www.notijalapa.net\/noticias\/wp-json\/wp\/v2\/posts"}],"about":[{"href":"https:\/\/www.notijalapa.net\/noticias\/wp-json\/wp\/v2\/types\/post"}],"author":[{"embeddable":true,"href":"https:\/\/www.notijalapa.net\/noticias\/wp-json\/wp\/v2\/users\/2"}],"replies":[{"embeddable":true,"href":"https:\/\/www.notijalapa.net\/noticias\/wp-json\/wp\/v2\/comments?post=13345"}],"version-history":[{"count":2,"href":"https:\/\/www.notijalapa.net\/noticias\/wp-json\/wp\/v2\/posts\/13345\/revisions"}],"predecessor-version":[{"id":13354,"href":"https:\/\/www.notijalapa.net\/noticias\/wp-json\/wp\/v2\/posts\/13345\/revisions\/13354"}],"wp:featuredmedia":[{"embeddable":true,"href":"https:\/\/www.notijalapa.net\/noticias\/wp-json\/wp\/v2\/media\/13338"}],"wp:attachment":[{"href":"https:\/\/www.notijalapa.net\/noticias\/wp-json\/wp\/v2\/media?parent=13345"}],"wp:term":[{"taxonomy":"category","embeddable":true,"href":"https:\/\/www.notijalapa.net\/noticias\/wp-json\/wp\/v2\/categories?post=13345"},{"taxonomy":"post_tag","embeddable":true,"href":"https:\/\/www.notijalapa.net\/noticias\/wp-json\/wp\/v2\/tags?post=13345"}],"curies":[{"name":"wp","href":"https:\/\/api.w.org\/{rel}","templated":true}]}}