{"id":13013,"date":"2023-06-01T12:41:10","date_gmt":"2023-06-01T12:41:10","guid":{"rendered":"https:\/\/www.notijalapa.net\/noticias\/?p=13013"},"modified":"2023-06-01T12:50:48","modified_gmt":"2023-06-01T12:50:48","slug":"representan-a-jalapa-en-las-diferentes-carreras-que-hacen-en-guatemala","status":"publish","type":"post","link":"https:\/\/www.notijalapa.net\/noticias\/2023\/06\/01\/representan-a-jalapa-en-las-diferentes-carreras-que-hacen-en-guatemala\/","title":{"rendered":"Representan a Jalapa en las diferentes carreras que hacen en Guatemala"},"content":{"rendered":"<p>Como Asociaci\u00f3n Corre T21, este a\u00f1o han participado en diferentes carreras que realizan en diferentes departamentos de Guatemala, teniendo presencia tanto como asociaci\u00f3n y representando a Jalapa, seg\u00fan lo dio a conocer Fernando Ju\u00e1rez integrante de la Asociaci\u00f3n Corre T21.<\/p>\n<p><a href=\"https:\/\/www.notijalapa.net\/noticias\/2023\/06\/01\/inician-a-organizar-la-6ta-edicion-de-los-21k-de-jalapa\/\">MIRA: Inician a organizar la 6ta. edici\u00f3n de los 21K de Jalapa<\/a><\/p>\n<p>Han salido a diferentes carreras que realizan en Cob\u00e1n, Jutiapa, Guatemala, Antigua Guatemala, Mazatenango, Huehuetenango, participando en carreras de 10K y 21K que ellos realizan.<\/p>\n<p><iframe loading=\"lazy\" title=\"Representan a Jalapa en las diferentes carreras que hacen en Guatemala\" width=\"640\" height=\"360\" src=\"https:\/\/www.youtube.com\/embed\/L2VPiuRwP8g?feature=oembed\" frameborder=\"0\" allow=\"accelerometer; autoplay; clipboard-write; encrypted-media; gyroscope; picture-in-picture; web-share\" referrerpolicy=\"strict-origin-when-cross-origin\" allowfullscreen><\/iframe><\/p>\n<p>En a\u00f1os anteriores \u00fanicamente iba uno o dos corredores a estas carreras y nunca se identificaban que eran de Jalapa, ahora como asociaci\u00f3n va un grupo de corredores para representarnos en esta disciplina deportiva.<\/p>\n<p style=\"text-align: center;\"><iframe loading=\"lazy\" style=\"border: none; overflow: hidden;\" src=\"https:\/\/www.facebook.com\/plugins\/post.php?href=https%3A%2F%2Fwww.facebook.com%2Fpermalink.php%3Fstory_fbid%3Dpfbid0iApdQsA2qD79KaRRXTdTwC1bZuyHgvGbHeRZivACCm94ZByh7McuhxwxXfmKaCXCl%26id%3D100083158940816&amp;show_text=true&amp;width=500\" width=\"500\" height=\"545\" frameborder=\"0\" scrolling=\"no\" allowfullscreen=\"allowfullscreen\"><\/iframe><\/p>\n","protected":false},"excerpt":{"rendered":"<p>Como Asociaci\u00f3n Corre T21, este a\u00f1o han participado en diferentes carreras que realizan en diferentes departamentos de Guatemala, teniendo presencia tanto como asociaci\u00f3n y representando a Jalapa, seg\u00fan lo dio a conocer Fernando Ju\u00e1rez integrante de la Asociaci\u00f3n Corre T21. MIRA: Inician a organizar la 6ta. edici\u00f3n de los 21K de Jalapa Han salido a diferentes carreras que realizan en Cob\u00e1n, Jutiapa, Guatemala, Antigua Guatemala, Mazatenango, Huehuetenango, participando en carreras de 10K y 21K que ellos realizan. En a\u00f1os anteriores \u00fanicamente iba uno o dos corredores a estas carreras y&hellip;<\/p>\n","protected":false},"author":2,"featured_media":13004,"comment_status":"open","ping_status":"open","sticky":false,"template":"","format":"standard","meta":{"footnotes":""},"categories":[3],"tags":[4015,4014],"class_list":["post-13013","post","type-post","status-publish","format-standard","has-post-thumbnail","hentry","category-locales","tag-diferentes-carreras-que-hacen-en-guatemala","tag-representan-a-jalapa"],"gutentor_comment":0,"_links":{"self":[{"href":"https:\/\/www.notijalapa.net\/noticias\/wp-json\/wp\/v2\/posts\/13013","targetHints":{"allow":["GET"]}}],"collection":[{"href":"https:\/\/www.notijalapa.net\/noticias\/wp-json\/wp\/v2\/posts"}],"about":[{"href":"https:\/\/www.notijalapa.net\/noticias\/wp-json\/wp\/v2\/types\/post"}],"author":[{"embeddable":true,"href":"https:\/\/www.notijalapa.net\/noticias\/wp-json\/wp\/v2\/users\/2"}],"replies":[{"embeddable":true,"href":"https:\/\/www.notijalapa.net\/noticias\/wp-json\/wp\/v2\/comments?post=13013"}],"version-history":[{"count":2,"href":"https:\/\/www.notijalapa.net\/noticias\/wp-json\/wp\/v2\/posts\/13013\/revisions"}],"predecessor-version":[{"id":13019,"href":"https:\/\/www.notijalapa.net\/noticias\/wp-json\/wp\/v2\/posts\/13013\/revisions\/13019"}],"wp:featuredmedia":[{"embeddable":true,"href":"https:\/\/www.notijalapa.net\/noticias\/wp-json\/wp\/v2\/media\/13004"}],"wp:attachment":[{"href":"https:\/\/www.notijalapa.net\/noticias\/wp-json\/wp\/v2\/media?parent=13013"}],"wp:term":[{"taxonomy":"category","embeddable":true,"href":"https:\/\/www.notijalapa.net\/noticias\/wp-json\/wp\/v2\/categories?post=13013"},{"taxonomy":"post_tag","embeddable":true,"href":"https:\/\/www.notijalapa.net\/noticias\/wp-json\/wp\/v2\/tags?post=13013"}],"curies":[{"name":"wp","href":"https:\/\/api.w.org\/{rel}","templated":true}]}}