{"id":13007,"date":"2023-06-01T12:39:14","date_gmt":"2023-06-01T12:39:14","guid":{"rendered":"https:\/\/www.notijalapa.net\/noticias\/?p=13007"},"modified":"2023-06-01T12:53:55","modified_gmt":"2023-06-01T12:53:55","slug":"inician-a-organizar-la-6ta-edicion-de-los-21k-de-jalapa","status":"publish","type":"post","link":"https:\/\/www.notijalapa.net\/noticias\/2023\/06\/01\/inician-a-organizar-la-6ta-edicion-de-los-21k-de-jalapa\/","title":{"rendered":"Inician a organizar la 6ta. edici\u00f3n de los 21K de Jalapa"},"content":{"rendered":"<p>Ya han empezado a organizar la carrera de los 21K en el casco urbano de Jalapa, para celebrar el aniversario del departamento en sus 150 a\u00f1os de fundaci\u00f3n, seg\u00fan lo dio a conocer Fernando Ju\u00e1rez atleta y organizador de la carrera.<\/p>\n<p><a href=\"https:\/\/www.notijalapa.net\/noticias\/2023\/06\/01\/representan-a-jalapa-en-las-diferentes-carreras-que-hacen-en-guatemala\/\">MIRA: Representan a Jalapa en las diferentes carreras que hacen en Guatemala<\/a><\/p>\n<p>Ya han confirmado la participaci\u00f3n de varios corredores muy destacados a nivel nacional, son corredores elites, esta ser\u00e1 una carrera muy bonita que se realizar\u00e1 el 26 de noviembre, la misma dar\u00e1 inicio a las 7:00 horas.<\/p>\n<p><iframe loading=\"lazy\" title=\"Inician a organizar la 6ta  edici\u00f3n de los 21K de Jalapa\" width=\"640\" height=\"360\" src=\"https:\/\/www.youtube.com\/embed\/XvFXpK8WTMk?feature=oembed\" frameborder=\"0\" allow=\"accelerometer; autoplay; clipboard-write; encrypted-media; gyroscope; picture-in-picture; web-share\" referrerpolicy=\"strict-origin-when-cross-origin\" allowfullscreen><\/iframe><\/p>\n<p>Han empezado a organizarla desde ya, debido a que como para esas fechas realizan diversas actividades a nivel nacional, por ello ya han apartado el d\u00eda para esta tradicional carrera. Hace la invitaci\u00f3n para que participen corredores de diferentes lugares del pa\u00eds y porque no decirlo de otros pa\u00edses.<\/p>\n<p style=\"text-align: center;\"><iframe loading=\"lazy\" style=\"border: none; overflow: hidden;\" src=\"https:\/\/www.facebook.com\/plugins\/post.php?href=https%3A%2F%2Fwww.facebook.com%2Fpermalink.php%3Fstory_fbid%3Dpfbid0224yNvC2Y59RVVn27pkCsTrgHd2JzBDtASkPgJndtuKamfUTpvzVReumWayHW2ceKl%26id%3D100083158940816&amp;show_text=true&amp;width=500\" width=\"500\" height=\"755\" frameborder=\"0\" scrolling=\"no\" allowfullscreen=\"allowfullscreen\"><\/iframe><\/p>\n","protected":false},"excerpt":{"rendered":"<p>Ya han empezado a organizar la carrera de los 21K en el casco urbano de Jalapa, para celebrar el aniversario del departamento en sus 150 a\u00f1os de fundaci\u00f3n, seg\u00fan lo dio a conocer Fernando Ju\u00e1rez atleta y organizador de la carrera. MIRA: Representan a Jalapa en las diferentes carreras que hacen en Guatemala Ya han confirmado la participaci\u00f3n de varios corredores muy destacados a nivel nacional, son corredores elites, esta ser\u00e1 una carrera muy bonita que se realizar\u00e1 el 26 de noviembre, la misma dar\u00e1 inicio a las 7:00 horas.&hellip;<\/p>\n","protected":false},"author":2,"featured_media":13002,"comment_status":"open","ping_status":"open","sticky":false,"template":"","format":"standard","meta":{"footnotes":""},"categories":[3],"tags":[4009,4008],"class_list":["post-13007","post","type-post","status-publish","format-standard","has-post-thumbnail","hentry","category-locales","tag-6ta-edicion-de-los-21k-de-jalapa","tag-inician-a-organizar"],"gutentor_comment":0,"_links":{"self":[{"href":"https:\/\/www.notijalapa.net\/noticias\/wp-json\/wp\/v2\/posts\/13007","targetHints":{"allow":["GET"]}}],"collection":[{"href":"https:\/\/www.notijalapa.net\/noticias\/wp-json\/wp\/v2\/posts"}],"about":[{"href":"https:\/\/www.notijalapa.net\/noticias\/wp-json\/wp\/v2\/types\/post"}],"author":[{"embeddable":true,"href":"https:\/\/www.notijalapa.net\/noticias\/wp-json\/wp\/v2\/users\/2"}],"replies":[{"embeddable":true,"href":"https:\/\/www.notijalapa.net\/noticias\/wp-json\/wp\/v2\/comments?post=13007"}],"version-history":[{"count":2,"href":"https:\/\/www.notijalapa.net\/noticias\/wp-json\/wp\/v2\/posts\/13007\/revisions"}],"predecessor-version":[{"id":13022,"href":"https:\/\/www.notijalapa.net\/noticias\/wp-json\/wp\/v2\/posts\/13007\/revisions\/13022"}],"wp:featuredmedia":[{"embeddable":true,"href":"https:\/\/www.notijalapa.net\/noticias\/wp-json\/wp\/v2\/media\/13002"}],"wp:attachment":[{"href":"https:\/\/www.notijalapa.net\/noticias\/wp-json\/wp\/v2\/media?parent=13007"}],"wp:term":[{"taxonomy":"category","embeddable":true,"href":"https:\/\/www.notijalapa.net\/noticias\/wp-json\/wp\/v2\/categories?post=13007"},{"taxonomy":"post_tag","embeddable":true,"href":"https:\/\/www.notijalapa.net\/noticias\/wp-json\/wp\/v2\/tags?post=13007"}],"curies":[{"name":"wp","href":"https:\/\/api.w.org\/{rel}","templated":true}]}}