{"id":12745,"date":"2023-05-19T13:07:04","date_gmt":"2023-05-19T13:07:04","guid":{"rendered":"https:\/\/www.notijalapa.net\/noticias\/?p=12745"},"modified":"2023-05-19T13:26:37","modified_gmt":"2023-05-19T13:26:37","slug":"area-de-salud-se-prepara-para-las-enfermedades-respiratorias-por-el-invierno","status":"publish","type":"post","link":"https:\/\/www.notijalapa.net\/noticias\/2023\/05\/19\/area-de-salud-se-prepara-para-las-enfermedades-respiratorias-por-el-invierno\/","title":{"rendered":"\u00c1rea de salud se prepara para las enfermedades respiratorias por el invierno"},"content":{"rendered":"<p>Estamos pr\u00f3ximos a ingresar a la temporada de invierno, que es cuando m\u00e1s se incrementan los casos de enfermedades respiratorias como gripe o la influenza, seg\u00fan lo dio a conocer Silvia Vielman Coordinadora del Centro de Salud.<\/p>\n<p><a href=\"https:\/\/www.notijalapa.net\/noticias\/2023\/05\/19\/reservista-reciben-un-estipendio-por-cada-hora-de-servicio\/\">MIRA: Reservista reciben un estipendio por cada hora de servicio<\/a><\/p>\n<p>Es muy indispensable tomar vitamina C y abrigarse bien si van a salir en horas de la tarde y noche, m\u00e1s a los ni\u00f1os y las personas de la tercera edad, evitar mojarse para evitar una enfermedad respiratoria.<\/p>\n<p><iframe loading=\"lazy\" title=\"\u00c1rea de salud se prepara para las enfermedades respiratorias por el invierno\" width=\"640\" height=\"360\" src=\"https:\/\/www.youtube.com\/embed\/Z_B4Ublj5vA?feature=oembed\" frameborder=\"0\" allow=\"accelerometer; autoplay; clipboard-write; encrypted-media; gyroscope; picture-in-picture; web-share\" referrerpolicy=\"strict-origin-when-cross-origin\" allowfullscreen><\/iframe><\/p>\n<p>Si sufre de alguna enfermedad respiratoria o tienen alg\u00fan s\u00edntoma acuda inmediatamente a los servicios de salud, en donde les dar\u00e1n los medicamentos para una pronta recuperaci\u00f3n.<\/p>\n<p style=\"text-align: center;\"><iframe loading=\"lazy\" style=\"border: none; overflow: hidden;\" src=\"https:\/\/www.facebook.com\/plugins\/post.php?href=https%3A%2F%2Fwww.facebook.com%2Fpermalink.php%3Fstory_fbid%3Dpfbid02ZiExZ2US3wEo7waLfEFLrCBSYEmzeSAuRMJccKmEbYb7oa6YoQyC6hss2Y1ZrcNrl%26id%3D100083158940816&amp;show_text=true&amp;width=500\" width=\"500\" height=\"525\" frameborder=\"0\" scrolling=\"no\" allowfullscreen=\"allowfullscreen\"><\/iframe><\/p>\n","protected":false},"excerpt":{"rendered":"<p>Estamos pr\u00f3ximos a ingresar a la temporada de invierno, que es cuando m\u00e1s se incrementan los casos de enfermedades respiratorias como gripe o la influenza, seg\u00fan lo dio a conocer Silvia Vielman Coordinadora del Centro de Salud. MIRA: Reservista reciben un estipendio por cada hora de servicio Es muy indispensable tomar vitamina C y abrigarse bien si van a salir en horas de la tarde y noche, m\u00e1s a los ni\u00f1os y las personas de la tercera edad, evitar mojarse para evitar una enfermedad respiratoria. Si sufre de alguna enfermedad&hellip;<\/p>\n","protected":false},"author":2,"featured_media":12734,"comment_status":"open","ping_status":"open","sticky":false,"template":"","format":"standard","meta":{"footnotes":""},"categories":[3],"tags":[3915,3916],"class_list":["post-12745","post","type-post","status-publish","format-standard","has-post-thumbnail","hentry","category-locales","tag-area-de-salud-se-prepara","tag-enfermedades-respiratorias-por-el-invierno"],"gutentor_comment":0,"_links":{"self":[{"href":"https:\/\/www.notijalapa.net\/noticias\/wp-json\/wp\/v2\/posts\/12745","targetHints":{"allow":["GET"]}}],"collection":[{"href":"https:\/\/www.notijalapa.net\/noticias\/wp-json\/wp\/v2\/posts"}],"about":[{"href":"https:\/\/www.notijalapa.net\/noticias\/wp-json\/wp\/v2\/types\/post"}],"author":[{"embeddable":true,"href":"https:\/\/www.notijalapa.net\/noticias\/wp-json\/wp\/v2\/users\/2"}],"replies":[{"embeddable":true,"href":"https:\/\/www.notijalapa.net\/noticias\/wp-json\/wp\/v2\/comments?post=12745"}],"version-history":[{"count":2,"href":"https:\/\/www.notijalapa.net\/noticias\/wp-json\/wp\/v2\/posts\/12745\/revisions"}],"predecessor-version":[{"id":12751,"href":"https:\/\/www.notijalapa.net\/noticias\/wp-json\/wp\/v2\/posts\/12745\/revisions\/12751"}],"wp:featuredmedia":[{"embeddable":true,"href":"https:\/\/www.notijalapa.net\/noticias\/wp-json\/wp\/v2\/media\/12734"}],"wp:attachment":[{"href":"https:\/\/www.notijalapa.net\/noticias\/wp-json\/wp\/v2\/media?parent=12745"}],"wp:term":[{"taxonomy":"category","embeddable":true,"href":"https:\/\/www.notijalapa.net\/noticias\/wp-json\/wp\/v2\/categories?post=12745"},{"taxonomy":"post_tag","embeddable":true,"href":"https:\/\/www.notijalapa.net\/noticias\/wp-json\/wp\/v2\/tags?post=12745"}],"curies":[{"name":"wp","href":"https:\/\/api.w.org\/{rel}","templated":true}]}}