{"id":12676,"date":"2023-05-17T12:32:25","date_gmt":"2023-05-17T12:32:25","guid":{"rendered":"https:\/\/www.notijalapa.net\/noticias\/?p=12676"},"modified":"2023-05-17T12:49:49","modified_gmt":"2023-05-17T12:49:49","slug":"no-tienen-denuncias-sobre-tala-ilegal-de-arboles-en-jalapa","status":"publish","type":"post","link":"https:\/\/www.notijalapa.net\/noticias\/2023\/05\/17\/no-tienen-denuncias-sobre-tala-ilegal-de-arboles-en-jalapa\/","title":{"rendered":"No tienen denuncias sobre tala ilegal de \u00e1rboles en Jalapa"},"content":{"rendered":"<p>Actualmente denuncias no tienen sobre la tala ilegal de arboles en el departamento de Jalapa, respecto a este tema son los agentes de la Divisi\u00f3n Especializada en Protecci\u00f3n a la Naturaleza (DIPRONA), los encargados de velar por que no se den talas ilegales, seg\u00fan lo dio a conocer el Ing. Josu\u00e9 Flori\u00e1n delegado de INAB.<\/p>\n<p><a href=\"https:\/\/www.notijalapa.net\/noticias\/2023\/05\/17\/proyecto-millonario-de-paneles-solares-no-dio-los-resultados-que-se-esperaban\/\"><strong>MIRA: Formaran mesa t\u00e9cnica para evitar que trabajadores de salud sean afectados en su salario<\/strong><\/a><\/p>\n<p>Hay \u00e1reas aprobadas para el manejo forestal en diversos lugares de Jalapa, en donde se autoriza la extracci\u00f3n, pero con ello se tiene que dar la reforestaci\u00f3n, ellos como instituci\u00f3n siempre promueven el manejo forestal sostenible y se autorizan \u00e1rea que cumple con ciertos aspectos.<\/p>\n<p><iframe loading=\"lazy\" title=\"No tienen denuncias sobre tala ilegal de \u00e1rboles en Jalapa\" width=\"640\" height=\"360\" src=\"https:\/\/www.youtube.com\/embed\/wSOs81mQe40?feature=oembed\" frameborder=\"0\" allow=\"accelerometer; autoplay; clipboard-write; encrypted-media; gyroscope; picture-in-picture; web-share\" referrerpolicy=\"strict-origin-when-cross-origin\" allowfullscreen><\/iframe><\/p>\n<p>Todas las personas tienen el derecho de solicitar una licencia para el manejo forestal, pero tambi\u00e9n est\u00e1n obligados a reforestar el \u00e1rea donde van hacer el aprovechamiento forestal, actualmente tuvieron que denegar varias solicitudes porque no proced\u00edan t\u00e9cnicamente.<\/p>\n<p style=\"text-align: center;\"><iframe loading=\"lazy\" style=\"border: none; overflow: hidden;\" src=\"https:\/\/www.facebook.com\/plugins\/post.php?href=https%3A%2F%2Fwww.facebook.com%2Fpermalink.php%3Fstory_fbid%3Dpfbid0nWsSDvHriZeXcvFqaCQc5nzFU5AEjBWod9qtMiF5cFsCgA9cPMKYYNKECWwYqpYBl%26id%3D100083158940816&amp;show_text=true&amp;width=500\" width=\"500\" height=\"755\" frameborder=\"0\" scrolling=\"no\" allowfullscreen=\"allowfullscreen\"><\/iframe><\/p>\n","protected":false},"excerpt":{"rendered":"<p>Actualmente denuncias no tienen sobre la tala ilegal de arboles en el departamento de Jalapa, respecto a este tema son los agentes de la Divisi\u00f3n Especializada en Protecci\u00f3n a la Naturaleza (DIPRONA), los encargados de velar por que no se den talas ilegales, seg\u00fan lo dio a conocer el Ing. Josu\u00e9 Flori\u00e1n delegado de INAB. MIRA: Formaran mesa t\u00e9cnica para evitar que trabajadores de salud sean afectados en su salario Hay \u00e1reas aprobadas para el manejo forestal en diversos lugares de Jalapa, en donde se autoriza la extracci\u00f3n, pero con&hellip;<\/p>\n","protected":false},"author":2,"featured_media":12673,"comment_status":"open","ping_status":"open","sticky":false,"template":"","format":"standard","meta":{"footnotes":""},"categories":[3],"tags":[3885,3886],"class_list":["post-12676","post","type-post","status-publish","format-standard","has-post-thumbnail","hentry","category-locales","tag-no-tienen-denuncias","tag-sobre-tala-ilegal-de-arboles"],"gutentor_comment":0,"_links":{"self":[{"href":"https:\/\/www.notijalapa.net\/noticias\/wp-json\/wp\/v2\/posts\/12676","targetHints":{"allow":["GET"]}}],"collection":[{"href":"https:\/\/www.notijalapa.net\/noticias\/wp-json\/wp\/v2\/posts"}],"about":[{"href":"https:\/\/www.notijalapa.net\/noticias\/wp-json\/wp\/v2\/types\/post"}],"author":[{"embeddable":true,"href":"https:\/\/www.notijalapa.net\/noticias\/wp-json\/wp\/v2\/users\/2"}],"replies":[{"embeddable":true,"href":"https:\/\/www.notijalapa.net\/noticias\/wp-json\/wp\/v2\/comments?post=12676"}],"version-history":[{"count":2,"href":"https:\/\/www.notijalapa.net\/noticias\/wp-json\/wp\/v2\/posts\/12676\/revisions"}],"predecessor-version":[{"id":12692,"href":"https:\/\/www.notijalapa.net\/noticias\/wp-json\/wp\/v2\/posts\/12676\/revisions\/12692"}],"wp:featuredmedia":[{"embeddable":true,"href":"https:\/\/www.notijalapa.net\/noticias\/wp-json\/wp\/v2\/media\/12673"}],"wp:attachment":[{"href":"https:\/\/www.notijalapa.net\/noticias\/wp-json\/wp\/v2\/media?parent=12676"}],"wp:term":[{"taxonomy":"category","embeddable":true,"href":"https:\/\/www.notijalapa.net\/noticias\/wp-json\/wp\/v2\/categories?post=12676"},{"taxonomy":"post_tag","embeddable":true,"href":"https:\/\/www.notijalapa.net\/noticias\/wp-json\/wp\/v2\/tags?post=12676"}],"curies":[{"name":"wp","href":"https:\/\/api.w.org\/{rel}","templated":true}]}}