{"id":12046,"date":"2023-04-15T13:17:40","date_gmt":"2023-04-15T13:17:40","guid":{"rendered":"https:\/\/www.notijalapa.net\/noticias\/?p=12046"},"modified":"2023-04-15T13:32:40","modified_gmt":"2023-04-15T13:32:40","slug":"es-importante-identificar-nuestras-emociones-para-evitar-un-suicidio","status":"publish","type":"post","link":"https:\/\/www.notijalapa.net\/noticias\/2023\/04\/15\/es-importante-identificar-nuestras-emociones-para-evitar-un-suicidio\/","title":{"rendered":"Es importante identificar nuestras emociones para evitar un suicidio"},"content":{"rendered":"<p>El hablar de suicidios es un tema muy complicado, el programa de salud mental desde el a\u00f1o 2022 ha venido realizando una campa\u00f1a de prevenci\u00f3n de suicidio hablando espec\u00edficamente sobre las emociones, seg\u00fan lo dio a conocer la Licda. Jessica Recinos Coordinadora del Programa de Salud Mental.<\/p>\n<p><a href=\"https:\/\/www.notijalapa.net\/noticias\/2023\/04\/15\/inician-a-evaluar-los-portales-de-acceso-a-la-informacion-publica-de-las-municipalidades\/\">MIRA: Inician a evaluar los portales de acceso a la informaci\u00f3n p\u00fablica de las municipalidades<\/a><\/p>\n<p>Hay que ens\u00e9\u00f1ales a las personas que es muy importante hablar de salud mental, pero es mucho m\u00e1s importante que sepan identificar todas las emociones que de una u otra forma alteran su forma de pensar, sentir y actuar.<\/p>\n<p><iframe loading=\"lazy\" title=\"Es importante identificar nuestras emociones para evitar un suicidio\" width=\"640\" height=\"360\" src=\"https:\/\/www.youtube.com\/embed\/hwHkjEaaVVo?feature=oembed\" frameborder=\"0\" allow=\"accelerometer; autoplay; clipboard-write; encrypted-media; gyroscope; picture-in-picture; web-share\" referrerpolicy=\"strict-origin-when-cross-origin\" allowfullscreen><\/iframe><\/p>\n<p>Si nosotros estamos conscientes que tenemos una salud mental mal, debemos de asistir con profesionales en la psicolog\u00eda para que nos brinde ayuda, que nos ayuden a buscarle una soluci\u00f3n a los problemas que tenemos, no buscar una salida f\u00e1cil que va a dejar dolor a los familiares.<\/p>\n<p>Es importante acudir con los profesionales en la psicolog\u00eda, quienes van a saber entender nuestros problemas, nos van ayudar a solucionar los mismos y a cambiar nuestra forma de pensar para no cometer un suicidio.<\/p>\n<p style=\"text-align: center;\"><iframe loading=\"lazy\" style=\"border: none; overflow: hidden;\" src=\"https:\/\/www.facebook.com\/plugins\/post.php?href=https%3A%2F%2Fwww.facebook.com%2Fpermalink.php%3Fstory_fbid%3Dpfbid02S9k61jRmsC4GLGwYAm3nMqi67z6ihp4ieSgZUXhry5SCSVtDdF7EUWykLsnHHQHel%26id%3D100083158940816&amp;show_text=true&amp;width=500\" width=\"500\" height=\"813\" frameborder=\"0\" scrolling=\"no\" allowfullscreen=\"allowfullscreen\"><\/iframe><\/p>\n","protected":false},"excerpt":{"rendered":"<p>El hablar de suicidios es un tema muy complicado, el programa de salud mental desde el a\u00f1o 2022 ha venido realizando una campa\u00f1a de prevenci\u00f3n de suicidio hablando espec\u00edficamente sobre las emociones, seg\u00fan lo dio a conocer la Licda. Jessica Recinos Coordinadora del Programa de Salud Mental. MIRA: Inician a evaluar los portales de acceso a la informaci\u00f3n p\u00fablica de las municipalidades Hay que ens\u00e9\u00f1ales a las personas que es muy importante hablar de salud mental, pero es mucho m\u00e1s importante que sepan identificar todas las emociones que de una&hellip;<\/p>\n","protected":false},"author":2,"featured_media":12039,"comment_status":"open","ping_status":"open","sticky":false,"template":"","format":"standard","meta":{"footnotes":""},"categories":[3],"tags":[3671,3672],"class_list":["post-12046","post","type-post","status-publish","format-standard","has-post-thumbnail","hentry","category-locales","tag-es-importante-identificar","tag-nuestras-emociones"],"gutentor_comment":0,"_links":{"self":[{"href":"https:\/\/www.notijalapa.net\/noticias\/wp-json\/wp\/v2\/posts\/12046","targetHints":{"allow":["GET"]}}],"collection":[{"href":"https:\/\/www.notijalapa.net\/noticias\/wp-json\/wp\/v2\/posts"}],"about":[{"href":"https:\/\/www.notijalapa.net\/noticias\/wp-json\/wp\/v2\/types\/post"}],"author":[{"embeddable":true,"href":"https:\/\/www.notijalapa.net\/noticias\/wp-json\/wp\/v2\/users\/2"}],"replies":[{"embeddable":true,"href":"https:\/\/www.notijalapa.net\/noticias\/wp-json\/wp\/v2\/comments?post=12046"}],"version-history":[{"count":2,"href":"https:\/\/www.notijalapa.net\/noticias\/wp-json\/wp\/v2\/posts\/12046\/revisions"}],"predecessor-version":[{"id":12055,"href":"https:\/\/www.notijalapa.net\/noticias\/wp-json\/wp\/v2\/posts\/12046\/revisions\/12055"}],"wp:featuredmedia":[{"embeddable":true,"href":"https:\/\/www.notijalapa.net\/noticias\/wp-json\/wp\/v2\/media\/12039"}],"wp:attachment":[{"href":"https:\/\/www.notijalapa.net\/noticias\/wp-json\/wp\/v2\/media?parent=12046"}],"wp:term":[{"taxonomy":"category","embeddable":true,"href":"https:\/\/www.notijalapa.net\/noticias\/wp-json\/wp\/v2\/categories?post=12046"},{"taxonomy":"post_tag","embeddable":true,"href":"https:\/\/www.notijalapa.net\/noticias\/wp-json\/wp\/v2\/tags?post=12046"}],"curies":[{"name":"wp","href":"https:\/\/api.w.org\/{rel}","templated":true}]}}