{"id":12006,"date":"2023-04-14T12:53:19","date_gmt":"2023-04-14T12:53:19","guid":{"rendered":"https:\/\/www.notijalapa.net\/noticias\/?p=12006"},"modified":"2023-04-14T13:12:27","modified_gmt":"2023-04-14T13:12:27","slug":"cinco-menores-han-sido-asesinados-en-las-ultimas-semanas","status":"publish","type":"post","link":"https:\/\/www.notijalapa.net\/noticias\/2023\/04\/14\/cinco-menores-han-sido-asesinados-en-las-ultimas-semanas\/","title":{"rendered":"Cinco menores han sido asesinados en las \u00faltimas semanas"},"content":{"rendered":"<p>Han emitido un comunicado por parte del Procurador de los Derechos Humanos el Dr. Alejandro C\u00f3rdova en donde manifiesta su preocupaci\u00f3n en cuanto a los hechos violentos que se han ocurrido en el departamento de Jalapa, seg\u00fan lo dio a conocer la Licda. Cecilia Isabel Aguirre Auxiliar del Procurador de los Derechos Humanos.<\/p>\n<p><a href=\"https:\/\/www.notijalapa.net\/noticias\/2023\/04\/14\/nueva-mesa-de-trabajo-por-malos-servicios-de-energia-electrica-en-monjas\/\">MIRA: Nueva mesa de trabajo por malos servicios de energ\u00eda el\u00e9ctrica en Monjas<\/a><\/p>\n<p>El d\u00eda domingo, 02 de abril, se registra un hecho de violencia en la aldea Palo Verde en Santa Mar\u00eda Xalapan, en donde fallecieron siete personas, entre ellas una ni\u00f1a y un adolescente.<\/p>\n<p><iframe loading=\"lazy\" title=\"Cinco menores han sido asesinados en las \u00faltimas semanas\" width=\"640\" height=\"360\" src=\"https:\/\/www.youtube.com\/embed\/z8iNikG7Ato?feature=oembed\" frameborder=\"0\" allow=\"accelerometer; autoplay; clipboard-write; encrypted-media; gyroscope; picture-in-picture; web-share\" referrerpolicy=\"strict-origin-when-cross-origin\" allowfullscreen><\/iframe><\/p>\n<p>As\u00ed mismo, el d\u00eda lunes 10 de abril se registra un nuevo hecho en contra de tres menores, de 1, 3 y 4 a\u00f1os, quienes fueron vilmente asesinados, en este sentido se emite un comunicado solidariz\u00e1ndose con las familias de las v\u00edctimas y tambi\u00e9n informar que est\u00e1n comprometidos en darle seguimiento a estos procesos de investigaci\u00f3n que deben hacer las autoridades correspondientes.<\/p>\n<p style=\"text-align: center;\"><iframe loading=\"lazy\" style=\"border: none; overflow: hidden;\" src=\"https:\/\/www.facebook.com\/plugins\/post.php?href=https%3A%2F%2Fwww.facebook.com%2Fpermalink.php%3Fstory_fbid%3Dpfbid02jKJXfFbGt9jYbEVAAVjCF8wTuAENb37g58J1pe341KnpMvdMrFWaHXrvsKRw1MTwl%26id%3D100083158940816&amp;show_text=true&amp;width=500\" width=\"500\" height=\"506\" frameborder=\"0\" scrolling=\"no\" allowfullscreen=\"allowfullscreen\"><\/iframe><\/p>\n","protected":false},"excerpt":{"rendered":"<p>Han emitido un comunicado por parte del Procurador de los Derechos Humanos el Dr. Alejandro C\u00f3rdova en donde manifiesta su preocupaci\u00f3n en cuanto a los hechos violentos que se han ocurrido en el departamento de Jalapa, seg\u00fan lo dio a conocer la Licda. Cecilia Isabel Aguirre Auxiliar del Procurador de los Derechos Humanos. MIRA: Nueva mesa de trabajo por malos servicios de energ\u00eda el\u00e9ctrica en Monjas El d\u00eda domingo, 02 de abril, se registra un hecho de violencia en la aldea Palo Verde en Santa Mar\u00eda Xalapan, en donde fallecieron&hellip;<\/p>\n","protected":false},"author":2,"featured_media":12009,"comment_status":"open","ping_status":"open","sticky":false,"template":"","format":"standard","meta":{"footnotes":""},"categories":[3],"tags":[3655,3656],"class_list":["post-12006","post","type-post","status-publish","format-standard","has-post-thumbnail","hentry","category-locales","tag-cinco-menores-han-sido-asesinados","tag-en-las-ultimas-semanas"],"gutentor_comment":0,"_links":{"self":[{"href":"https:\/\/www.notijalapa.net\/noticias\/wp-json\/wp\/v2\/posts\/12006","targetHints":{"allow":["GET"]}}],"collection":[{"href":"https:\/\/www.notijalapa.net\/noticias\/wp-json\/wp\/v2\/posts"}],"about":[{"href":"https:\/\/www.notijalapa.net\/noticias\/wp-json\/wp\/v2\/types\/post"}],"author":[{"embeddable":true,"href":"https:\/\/www.notijalapa.net\/noticias\/wp-json\/wp\/v2\/users\/2"}],"replies":[{"embeddable":true,"href":"https:\/\/www.notijalapa.net\/noticias\/wp-json\/wp\/v2\/comments?post=12006"}],"version-history":[{"count":2,"href":"https:\/\/www.notijalapa.net\/noticias\/wp-json\/wp\/v2\/posts\/12006\/revisions"}],"predecessor-version":[{"id":12028,"href":"https:\/\/www.notijalapa.net\/noticias\/wp-json\/wp\/v2\/posts\/12006\/revisions\/12028"}],"wp:featuredmedia":[{"embeddable":true,"href":"https:\/\/www.notijalapa.net\/noticias\/wp-json\/wp\/v2\/media\/12009"}],"wp:attachment":[{"href":"https:\/\/www.notijalapa.net\/noticias\/wp-json\/wp\/v2\/media?parent=12006"}],"wp:term":[{"taxonomy":"category","embeddable":true,"href":"https:\/\/www.notijalapa.net\/noticias\/wp-json\/wp\/v2\/categories?post=12006"},{"taxonomy":"post_tag","embeddable":true,"href":"https:\/\/www.notijalapa.net\/noticias\/wp-json\/wp\/v2\/tags?post=12006"}],"curies":[{"name":"wp","href":"https:\/\/api.w.org\/{rel}","templated":true}]}}