{"id":11991,"date":"2023-04-13T12:47:43","date_gmt":"2023-04-13T12:47:43","guid":{"rendered":"https:\/\/www.notijalapa.net\/noticias\/?p=11991"},"modified":"2023-04-13T12:57:36","modified_gmt":"2023-04-13T12:57:36","slug":"se-reuniran-con-personal-de-salud-mental-central-por-el-nulo-trabajo-en-jalapa","status":"publish","type":"post","link":"https:\/\/www.notijalapa.net\/noticias\/2023\/04\/13\/se-reuniran-con-personal-de-salud-mental-central-por-el-nulo-trabajo-en-jalapa\/","title":{"rendered":"Se reunir\u00e1n con personal de salud mental central por el nulo trabajo en Jalapa"},"content":{"rendered":"<p>El derecho a la salud no solo es f\u00edsico, sino tambi\u00e9n es mental, en ese sentido constantemente han hecho supervisi\u00f3n en materia de derechos humanos al \u00c1rea de Salud, seg\u00fan lo dio a conocer la Licda. Cecilia Isabel Aguirre Auxiliar del Procurador de los Derechos Humanos.<\/p>\n<p><a href=\"https:\/\/www.notijalapa.net\/noticias\/2023\/04\/13\/realizaran-reuniones-para-evitar-posibles-conflictos-electorales\/\">MIRA: Realizaran reuniones para evitar posibles conflictos electorales<\/a><\/p>\n<p>Se sienten altamente preocupados por la falta de trabajo en este tema y garantizar el derecho a la salud de manera integral de todos los jalapanecos, de tal manera que, Jalapa es el \u00fanico departamento a nivel nacional que no cuentan con profesionales en la psicolog\u00eda en los distritos de salud.<\/p>\n<p><iframe loading=\"lazy\" title=\"Se reunir\u00e1n con personal de salud mental central por el nulo trabajo en Jalapa\" width=\"640\" height=\"360\" src=\"https:\/\/www.youtube.com\/embed\/PoeCPnmqASA?feature=oembed\" frameborder=\"0\" allow=\"accelerometer; autoplay; clipboard-write; encrypted-media; gyroscope; picture-in-picture; web-share\" referrerpolicy=\"strict-origin-when-cross-origin\" allowfullscreen><\/iframe><\/p>\n<p>Este es un tema que les preocupa en tanto que, si no se gestiona por parte del Director del \u00c1rea de Salud, este dinero que esta asignado se va a perder, por no contratar profesionales en la salud mental.<\/p>\n<p>Para este jueves, tienen una reuni\u00f3n muy importante en donde contaran con la presencia de personal de salud central, especialmente de salud mental de este ministerio para dar a conocer la sala situacional que hay en Jalapa.<\/p>\n<p>Es de reconocer la gran necesidad que existe en el departamento, por los altos \u00edndices de suicidios, violencia sexual, violencia intrafamiliar y otros tipos de violencia y se ha visto poca o nulo trabajo en temas de campa\u00f1a de prevenci\u00f3n y atenci\u00f3n de las personas que sufren de alg\u00fan problema en salud mental.<\/p>\n<p style=\"text-align: center;\"><iframe loading=\"lazy\" style=\"border: none; overflow: hidden;\" src=\"https:\/\/www.facebook.com\/plugins\/post.php?href=https%3A%2F%2Fwww.facebook.com%2Fpermalink.php%3Fstory_fbid%3Dpfbid05i3qW7tcK72Qikn1MYX8EPk1ggbSD4vvQSW82eMQxTqr7UaULjvQsaCMnoEwVgwCl%26id%3D100083158940816&amp;show_text=true&amp;width=500\" width=\"500\" height=\"545\" frameborder=\"0\" scrolling=\"no\" allowfullscreen=\"allowfullscreen\"><\/iframe><\/p>\n","protected":false},"excerpt":{"rendered":"<p>El derecho a la salud no solo es f\u00edsico, sino tambi\u00e9n es mental, en ese sentido constantemente han hecho supervisi\u00f3n en materia de derechos humanos al \u00c1rea de Salud, seg\u00fan lo dio a conocer la Licda. Cecilia Isabel Aguirre Auxiliar del Procurador de los Derechos Humanos. MIRA: Realizaran reuniones para evitar posibles conflictos electorales Se sienten altamente preocupados por la falta de trabajo en este tema y garantizar el derecho a la salud de manera integral de todos los jalapanecos, de tal manera que, Jalapa es el \u00fanico departamento a&hellip;<\/p>\n","protected":false},"author":2,"featured_media":11980,"comment_status":"open","ping_status":"open","sticky":false,"template":"","format":"standard","meta":{"footnotes":""},"categories":[3],"tags":[3654,3653],"class_list":["post-11991","post","type-post","status-publish","format-standard","has-post-thumbnail","hentry","category-locales","tag-por-el-nulo-trabajo-en-jalapa","tag-se-reuniran-con-personal-de-salud-mental"],"gutentor_comment":0,"_links":{"self":[{"href":"https:\/\/www.notijalapa.net\/noticias\/wp-json\/wp\/v2\/posts\/11991","targetHints":{"allow":["GET"]}}],"collection":[{"href":"https:\/\/www.notijalapa.net\/noticias\/wp-json\/wp\/v2\/posts"}],"about":[{"href":"https:\/\/www.notijalapa.net\/noticias\/wp-json\/wp\/v2\/types\/post"}],"author":[{"embeddable":true,"href":"https:\/\/www.notijalapa.net\/noticias\/wp-json\/wp\/v2\/users\/2"}],"replies":[{"embeddable":true,"href":"https:\/\/www.notijalapa.net\/noticias\/wp-json\/wp\/v2\/comments?post=11991"}],"version-history":[{"count":3,"href":"https:\/\/www.notijalapa.net\/noticias\/wp-json\/wp\/v2\/posts\/11991\/revisions"}],"predecessor-version":[{"id":11994,"href":"https:\/\/www.notijalapa.net\/noticias\/wp-json\/wp\/v2\/posts\/11991\/revisions\/11994"}],"wp:featuredmedia":[{"embeddable":true,"href":"https:\/\/www.notijalapa.net\/noticias\/wp-json\/wp\/v2\/media\/11980"}],"wp:attachment":[{"href":"https:\/\/www.notijalapa.net\/noticias\/wp-json\/wp\/v2\/media?parent=11991"}],"wp:term":[{"taxonomy":"category","embeddable":true,"href":"https:\/\/www.notijalapa.net\/noticias\/wp-json\/wp\/v2\/categories?post=11991"},{"taxonomy":"post_tag","embeddable":true,"href":"https:\/\/www.notijalapa.net\/noticias\/wp-json\/wp\/v2\/tags?post=11991"}],"curies":[{"name":"wp","href":"https:\/\/api.w.org\/{rel}","templated":true}]}}