{"id":11962,"date":"2023-04-12T12:42:24","date_gmt":"2023-04-12T12:42:24","guid":{"rendered":"https:\/\/www.notijalapa.net\/noticias\/?p=11962"},"modified":"2023-04-12T12:52:32","modified_gmt":"2023-04-12T12:52:32","slug":"repudian-la-muerte-de-los-ninos-en-jalapa","status":"publish","type":"post","link":"https:\/\/www.notijalapa.net\/noticias\/2023\/04\/12\/repudian-la-muerte-de-los-ninos-en-jalapa\/","title":{"rendered":"Repudian la muerte de los ni\u00f1os en Jalapa"},"content":{"rendered":"<p>Se solidarizan con la progenitora y abuela de los ni\u00f1os de 4, 3 y 1 a\u00f1os, quienes el d\u00eda lunes 10 de abril fueron v\u00edctimas de abusos hasta terminar con la muerte de estos peque\u00f1os ni\u00f1os, seg\u00fan lo dio a conocer la Licda. Cecilia Isabel Aguirre Auxiliar del Procurador de los Derechos Humanos.<\/p>\n<p><a href=\"https:\/\/www.notijalapa.net\/noticias\/2023\/04\/12\/retiran-los-cuerpos-de-los-tres-hermanos-de-la-morgue-para-ser-velados\/\">MIRA: Retiran los cuerpos de los tres hermanos de la morgue para ser velados<\/a><\/p>\n<p>Ellos desde la instituci\u00f3n repudian este tipo de hechos que violentan la vida de estos ni\u00f1os jalapanecos, no es el primer hecho grande que se registra, en los \u00faltimos d\u00edas se dio el asesinato de siete personas en la aldea Palo Verde en Santa Mar\u00eda Xalapan en donde dos ni\u00f1os tambi\u00e9n fueron asesinados.<\/p>\n<p><iframe loading=\"lazy\" title=\"Repudian la muerte de los ni\u00f1os en Jalapa\" width=\"640\" height=\"360\" src=\"https:\/\/www.youtube.com\/embed\/Y9VRapFKbq0?feature=oembed\" frameborder=\"0\" allow=\"accelerometer; autoplay; clipboard-write; encrypted-media; gyroscope; picture-in-picture; web-share\" referrerpolicy=\"strict-origin-when-cross-origin\" allowfullscreen><\/iframe><\/p>\n<p>Se sienten altamente preocupados por el nulo o escaso trabajo que se realiza por parte de las autoridades en materia de prevenci\u00f3n de delito y en materia de atender a las familias en salud integral.<\/p>\n<p>Han escuchado y han visto con suma preocupaci\u00f3n que, las autoridades tanto que deben de brindar el derecho a la seguridad ciudadana y no dan a conocer los planes, programas y proyectos en beneficio de garantizar la vida de los jalapanecos y principalmente de los ni\u00f1os.<\/p>\n<p>Han visto pocas o nulas acciones en el Ministerio de Salud que debe de trabajar porque se anunci\u00f3 las enfermedades mentales postpandemia, se anunci\u00f3 el estr\u00e9s y los posibles conflictos emocionales que las personas iban a tener y ha visto un \u00e1rea de salud lejana de la poblaci\u00f3n.<\/p>\n<p>Respecto a la madre, han hablado con practicantes en la psicolog\u00eda que est\u00e1n debidamente autorizadas por parte de la PDH, para iniciar ya la atenci\u00f3n de ella y darle continuidad a la atenci\u00f3n que debe de estar esta madre que ha perdido a sus tres hijos.<\/p>\n<p style=\"text-align: center;\"><iframe loading=\"lazy\" style=\"border: none; overflow: hidden;\" src=\"https:\/\/www.facebook.com\/plugins\/post.php?href=https%3A%2F%2Fwww.facebook.com%2Fpermalink.php%3Fstory_fbid%3Dpfbid02tFW9KyFUdyu4JRG15KDXHdJo4kcqU1HpbcNAvAB29aWirTXdh6FEKdh882srhxpql%26id%3D100083158940816&amp;show_text=true&amp;width=500\" width=\"500\" height=\"525\" frameborder=\"0\" scrolling=\"no\" allowfullscreen=\"allowfullscreen\"><\/iframe><\/p>\n","protected":false},"excerpt":{"rendered":"<p>Se solidarizan con la progenitora y abuela de los ni\u00f1os de 4, 3 y 1 a\u00f1os, quienes el d\u00eda lunes 10 de abril fueron v\u00edctimas de abusos hasta terminar con la muerte de estos peque\u00f1os ni\u00f1os, seg\u00fan lo dio a conocer la Licda. Cecilia Isabel Aguirre Auxiliar del Procurador de los Derechos Humanos. MIRA: Retiran los cuerpos de los tres hermanos de la morgue para ser velados Ellos desde la instituci\u00f3n repudian este tipo de hechos que violentan la vida de estos ni\u00f1os jalapanecos, no es el primer hecho grande&hellip;<\/p>\n","protected":false},"author":1,"featured_media":11953,"comment_status":"open","ping_status":"open","sticky":false,"template":"","format":"standard","meta":{"footnotes":""},"categories":[3],"tags":[3642,3641],"class_list":["post-11962","post","type-post","status-publish","format-standard","has-post-thumbnail","hentry","category-locales","tag-de-los-ninos-en-jalapa","tag-repudian-la-muerte"],"gutentor_comment":0,"_links":{"self":[{"href":"https:\/\/www.notijalapa.net\/noticias\/wp-json\/wp\/v2\/posts\/11962","targetHints":{"allow":["GET"]}}],"collection":[{"href":"https:\/\/www.notijalapa.net\/noticias\/wp-json\/wp\/v2\/posts"}],"about":[{"href":"https:\/\/www.notijalapa.net\/noticias\/wp-json\/wp\/v2\/types\/post"}],"author":[{"embeddable":true,"href":"https:\/\/www.notijalapa.net\/noticias\/wp-json\/wp\/v2\/users\/1"}],"replies":[{"embeddable":true,"href":"https:\/\/www.notijalapa.net\/noticias\/wp-json\/wp\/v2\/comments?post=11962"}],"version-history":[{"count":3,"href":"https:\/\/www.notijalapa.net\/noticias\/wp-json\/wp\/v2\/posts\/11962\/revisions"}],"predecessor-version":[{"id":11965,"href":"https:\/\/www.notijalapa.net\/noticias\/wp-json\/wp\/v2\/posts\/11962\/revisions\/11965"}],"wp:featuredmedia":[{"embeddable":true,"href":"https:\/\/www.notijalapa.net\/noticias\/wp-json\/wp\/v2\/media\/11953"}],"wp:attachment":[{"href":"https:\/\/www.notijalapa.net\/noticias\/wp-json\/wp\/v2\/media?parent=11962"}],"wp:term":[{"taxonomy":"category","embeddable":true,"href":"https:\/\/www.notijalapa.net\/noticias\/wp-json\/wp\/v2\/categories?post=11962"},{"taxonomy":"post_tag","embeddable":true,"href":"https:\/\/www.notijalapa.net\/noticias\/wp-json\/wp\/v2\/tags?post=11962"}],"curies":[{"name":"wp","href":"https:\/\/api.w.org\/{rel}","templated":true}]}}