{"id":1163,"date":"2021-10-28T12:37:55","date_gmt":"2021-10-28T12:37:55","guid":{"rendered":"https:\/\/www.notijalapa.net\/noticias\/?p=1163"},"modified":"2021-10-28T12:53:33","modified_gmt":"2021-10-28T12:53:33","slug":"era-requerido-por-la-justicia-por-portar-de-manera-ilegal-un-arma-de-fuego","status":"publish","type":"post","link":"https:\/\/www.notijalapa.net\/noticias\/2021\/10\/28\/era-requerido-por-la-justicia-por-portar-de-manera-ilegal-un-arma-de-fuego\/","title":{"rendered":"Era requerido por la justicia por portar de manera ilegal un arma de fuego"},"content":{"rendered":"<p>La Polic\u00eda Nacional Civil como resultado de los contantes operativos, en la calle principal del barrio Camelias, del municipio de San Carlos Alzatate, Jalapa, realizan la detenci\u00f3n del se\u00f1or Pedro L\u00f3pez V\u00e1squez; de 46 a\u00f1os, esto al darle cumplimiento a una orden de captura vigente girada en su contra.<\/p>\n<p><a href=\"https:\/\/www.notijalapa.net\/noticias\/2021\/10\/28\/el-cementerio-de-jalapa-permanecera-cerrado\/\">MIRA: El cementerio de Jalapa permanecer\u00e1 cerrado<\/a><\/p>\n<p>Seg\u00fan Jos\u00e9 V\u00e1zquez delegado de la oficina de comunicaci\u00f3n social de PNC, esta persona era requerida desde el 12 de julio del a\u00f1o 2011, por el Juzgado de Primera Instancia Penal Narcoactividad y Delitos Contra el Ambiente de Jalapa, sindic\u00e1ndolo de haber cometido el delito de portaci\u00f3n ilegal de arma de fuego de uso civil u\/o deportivo.<\/p>\n<p><iframe loading=\"lazy\" title=\"Era Requerido Por La Justicia Por Portar De Manera Ilegal Un Arma De Fuego 1\" width=\"640\" height=\"360\" src=\"https:\/\/www.youtube.com\/embed\/hB407jn-yc0?feature=oembed\" frameborder=\"0\" allow=\"accelerometer; autoplay; clipboard-write; encrypted-media; gyroscope; picture-in-picture; web-share\" referrerpolicy=\"strict-origin-when-cross-origin\" allowfullscreen><\/iframe><\/p>\n<p>Luego que los agentes policiales realizaron la detenci\u00f3n de la persona antes en menci\u00f3n, esta fue puesta a disposici\u00f3n de los tribunales que lo requieren para que pueda solventar su situaci\u00f3n jur\u00eddica.<\/p>\n<p style=\"text-align: center;\"><iframe loading=\"lazy\" style=\"border: none; overflow: hidden;\" src=\"https:\/\/www.facebook.com\/plugins\/post.php?href=https%3A%2F%2Fwww.facebook.com%2Fpermalink.php%3Fstory_fbid%3D4505646326218150%26id%3D541551329294356&amp;show_text=true&amp;width=500\" width=\"500\" height=\"751\" frameborder=\"0\" scrolling=\"no\" allowfullscreen=\"allowfullscreen\"><\/iframe><\/p>\n","protected":false},"excerpt":{"rendered":"<p>La Polic\u00eda Nacional Civil como resultado de los contantes operativos, en la calle principal del barrio Camelias, del municipio de San Carlos Alzatate, Jalapa, realizan la detenci\u00f3n del se\u00f1or Pedro L\u00f3pez V\u00e1squez; de 46 a\u00f1os, esto al darle cumplimiento a una orden de captura vigente girada en su contra. MIRA: El cementerio de Jalapa permanecer\u00e1 cerrado Seg\u00fan Jos\u00e9 V\u00e1zquez delegado de la oficina de comunicaci\u00f3n social de PNC, esta persona era requerida desde el 12 de julio del a\u00f1o 2011, por el Juzgado de Primera Instancia Penal Narcoactividad y Delitos&hellip;<\/p>\n","protected":false},"author":2,"featured_media":1158,"comment_status":"open","ping_status":"open","sticky":false,"template":"","format":"standard","meta":{"footnotes":""},"categories":[3],"tags":[123,71],"class_list":["post-1163","post","type-post","status-publish","format-standard","has-post-thumbnail","hentry","category-locales","tag-la-policia-nacional-civil","tag-san-carlos-alzatate"],"gutentor_comment":0,"_links":{"self":[{"href":"https:\/\/www.notijalapa.net\/noticias\/wp-json\/wp\/v2\/posts\/1163","targetHints":{"allow":["GET"]}}],"collection":[{"href":"https:\/\/www.notijalapa.net\/noticias\/wp-json\/wp\/v2\/posts"}],"about":[{"href":"https:\/\/www.notijalapa.net\/noticias\/wp-json\/wp\/v2\/types\/post"}],"author":[{"embeddable":true,"href":"https:\/\/www.notijalapa.net\/noticias\/wp-json\/wp\/v2\/users\/2"}],"replies":[{"embeddable":true,"href":"https:\/\/www.notijalapa.net\/noticias\/wp-json\/wp\/v2\/comments?post=1163"}],"version-history":[{"count":3,"href":"https:\/\/www.notijalapa.net\/noticias\/wp-json\/wp\/v2\/posts\/1163\/revisions"}],"predecessor-version":[{"id":1179,"href":"https:\/\/www.notijalapa.net\/noticias\/wp-json\/wp\/v2\/posts\/1163\/revisions\/1179"}],"wp:featuredmedia":[{"embeddable":true,"href":"https:\/\/www.notijalapa.net\/noticias\/wp-json\/wp\/v2\/media\/1158"}],"wp:attachment":[{"href":"https:\/\/www.notijalapa.net\/noticias\/wp-json\/wp\/v2\/media?parent=1163"}],"wp:term":[{"taxonomy":"category","embeddable":true,"href":"https:\/\/www.notijalapa.net\/noticias\/wp-json\/wp\/v2\/categories?post=1163"},{"taxonomy":"post_tag","embeddable":true,"href":"https:\/\/www.notijalapa.net\/noticias\/wp-json\/wp\/v2\/tags?post=1163"}],"curies":[{"name":"wp","href":"https:\/\/api.w.org\/{rel}","templated":true}]}}