{"id":11436,"date":"2023-03-15T12:54:00","date_gmt":"2023-03-15T12:54:00","guid":{"rendered":"https:\/\/www.notijalapa.net\/noticias\/?p=11436"},"modified":"2023-03-15T13:06:11","modified_gmt":"2023-03-15T13:06:11","slug":"no-se-expongan-mucho-a-los-rayos-del-sol","status":"publish","type":"post","link":"https:\/\/www.notijalapa.net\/noticias\/2023\/03\/15\/no-se-expongan-mucho-a-los-rayos-del-sol\/","title":{"rendered":"No se expongan mucho a los rayos del sol"},"content":{"rendered":"<p>Estamos en la temporada de verano en donde se tendr\u00e1n una gran intensidad de los rayos solares, que podr\u00edan venir y causar serios da\u00f1os en la piel de todas las personas que se exponen al sol, seg\u00fan lo dio a conocer el Lic. \u00c1lvaro Garc\u00eda delegado de la CONRED.<\/p>\n<p><a href=\"https:\/\/www.notijalapa.net\/noticias\/2023\/03\/15\/el-25-de-marzo-ultimo-dia-para-empadronarse\/\">MIRA: El 25 de marzo \u00faltimo d\u00eda para empadronarse<\/a><\/p>\n<p>Los rayos solares van de manera m\u00e1s agresiva a la tierra y los rayos ultravioleta pueden llegar a causar quemaduras en la piel o cualquier otro tipo de da\u00f1o que causa el impacto de los rayos del sol en el cuerpo humano.<\/p>\n<p><iframe loading=\"lazy\" title=\"No se expongan mucho a los rayos del sol\" width=\"640\" height=\"360\" src=\"https:\/\/www.youtube.com\/embed\/UKCQUpTJYHc?feature=oembed\" frameborder=\"0\" allow=\"accelerometer; autoplay; clipboard-write; encrypted-media; gyroscope; picture-in-picture; web-share\" referrerpolicy=\"strict-origin-when-cross-origin\" allowfullscreen><\/iframe><\/p>\n<p>Hacen un llamado a las personas, que cuando asistan a los diferentes cortejos procesionales o van a alg\u00fan balneario que se coloquen bloqueador solar o que eviten exponerse mucho al sol, para evitar quemaduras en la piel.<\/p>\n<p style=\"text-align: center;\"><iframe loading=\"lazy\" style=\"border: none; overflow: hidden;\" src=\"https:\/\/www.facebook.com\/plugins\/post.php?href=https%3A%2F%2Fwww.facebook.com%2Fpermalink.php%3Fstory_fbid%3Dpfbid02uxKh6vFtb5jwxmSaSgNbTKftqwUzY73vuDn9okgBbvSBsD8sA3KVbwUJr3t9epcjl%26id%3D100083158940816&amp;show_text=true&amp;width=500\" width=\"500\" height=\"525\" frameborder=\"0\" scrolling=\"no\" allowfullscreen=\"allowfullscreen\"><\/iframe><\/p>\n","protected":false},"excerpt":{"rendered":"<p>Estamos en la temporada de verano en donde se tendr\u00e1n una gran intensidad de los rayos solares, que podr\u00edan venir y causar serios da\u00f1os en la piel de todas las personas que se exponen al sol, seg\u00fan lo dio a conocer el Lic. \u00c1lvaro Garc\u00eda delegado de la CONRED. MIRA: El 25 de marzo \u00faltimo d\u00eda para empadronarse Los rayos solares van de manera m\u00e1s agresiva a la tierra y los rayos ultravioleta pueden llegar a causar quemaduras en la piel o cualquier otro tipo de da\u00f1o que causa el&hellip;<\/p>\n","protected":false},"author":2,"featured_media":11428,"comment_status":"open","ping_status":"open","sticky":false,"template":"","format":"standard","meta":{"footnotes":""},"categories":[3],"tags":[3349,3451],"class_list":["post-11436","post","type-post","status-publish","format-standard","has-post-thumbnail","hentry","category-locales","tag-a-los-rayos-del-sol","tag-no-se-expongan-mucho"],"gutentor_comment":0,"_links":{"self":[{"href":"https:\/\/www.notijalapa.net\/noticias\/wp-json\/wp\/v2\/posts\/11436","targetHints":{"allow":["GET"]}}],"collection":[{"href":"https:\/\/www.notijalapa.net\/noticias\/wp-json\/wp\/v2\/posts"}],"about":[{"href":"https:\/\/www.notijalapa.net\/noticias\/wp-json\/wp\/v2\/types\/post"}],"author":[{"embeddable":true,"href":"https:\/\/www.notijalapa.net\/noticias\/wp-json\/wp\/v2\/users\/2"}],"replies":[{"embeddable":true,"href":"https:\/\/www.notijalapa.net\/noticias\/wp-json\/wp\/v2\/comments?post=11436"}],"version-history":[{"count":2,"href":"https:\/\/www.notijalapa.net\/noticias\/wp-json\/wp\/v2\/posts\/11436\/revisions"}],"predecessor-version":[{"id":11442,"href":"https:\/\/www.notijalapa.net\/noticias\/wp-json\/wp\/v2\/posts\/11436\/revisions\/11442"}],"wp:featuredmedia":[{"embeddable":true,"href":"https:\/\/www.notijalapa.net\/noticias\/wp-json\/wp\/v2\/media\/11428"}],"wp:attachment":[{"href":"https:\/\/www.notijalapa.net\/noticias\/wp-json\/wp\/v2\/media?parent=11436"}],"wp:term":[{"taxonomy":"category","embeddable":true,"href":"https:\/\/www.notijalapa.net\/noticias\/wp-json\/wp\/v2\/categories?post=11436"},{"taxonomy":"post_tag","embeddable":true,"href":"https:\/\/www.notijalapa.net\/noticias\/wp-json\/wp\/v2\/tags?post=11436"}],"curies":[{"name":"wp","href":"https:\/\/api.w.org\/{rel}","templated":true}]}}