{"id":11434,"date":"2023-03-15T12:53:17","date_gmt":"2023-03-15T12:53:17","guid":{"rendered":"https:\/\/www.notijalapa.net\/noticias\/?p=11434"},"modified":"2023-03-15T13:07:49","modified_gmt":"2023-03-15T13:07:49","slug":"tenia-una-orden-de-captura-desde-hace-diez-por-anos-lo-acusan-de-violacion","status":"publish","type":"post","link":"https:\/\/www.notijalapa.net\/noticias\/2023\/03\/15\/tenia-una-orden-de-captura-desde-hace-diez-por-anos-lo-acusan-de-violacion\/","title":{"rendered":"Ten\u00eda una orden de captura desde hace diez por a\u00f1os, lo acusan de violaci\u00f3n"},"content":{"rendered":"<p>Agente de la Polic\u00eda Nacional Civil, en la calle principal de la aldea Morales, en el municipio de Mataquescuintla, fue capturado el se\u00f1or Fernando de Jes\u00fas Aguilar de la Cruz; de 62 a\u00f1os, d\u00e1ndole cumplimiento a una orden de captura vegeten girada en su contra.<\/p>\n<p><a href=\"https:\/\/www.notijalapa.net\/noticias\/2023\/03\/15\/el-clima-para-jalapa-sera-soleado-para-las-proximas-semanas\/\">MIRA: El clima para Jalapa ser\u00e1 soleado para las pr\u00f3ximas semanas<\/a><\/p>\n<p>Seg\u00fan Jos\u00e9 V\u00e1squez delegado de la oficina de comunicaci\u00f3n social de PNC, esta persona era requerida desde el 08 de noviembre del a\u00f1o 2013, por el Juzgado de Primera Instancia Penal Narcoactividad y Delitos Contra el Ambiente de Jalapa, sindicado del delito de violaci\u00f3n con agravaci\u00f3n de la pena.<\/p>\n<p><iframe loading=\"lazy\" title=\"Ten\u00eda una orden de captura desde hace diez por a\u00f1os, lo acusan de violaci\u00f3n\" width=\"640\" height=\"360\" src=\"https:\/\/www.youtube.com\/embed\/STa4f1uegp0?feature=oembed\" frameborder=\"0\" allow=\"accelerometer; autoplay; clipboard-write; encrypted-media; gyroscope; picture-in-picture; web-share\" referrerpolicy=\"strict-origin-when-cross-origin\" allowfullscreen><\/iframe><\/p>\n<p>Luego que los agentes policiales realizaron la detenci\u00f3n de la persona antes en menci\u00f3n, esta fue puesta a disposici\u00f3n de los tribunales que lo requieren, para que solvente su situaci\u00f3n jur\u00eddica.<\/p>\n<p style=\"text-align: center;\"><iframe loading=\"lazy\" style=\"border: none; overflow: hidden;\" src=\"https:\/\/www.facebook.com\/plugins\/post.php?href=https%3A%2F%2Fwww.facebook.com%2Fpermalink.php%3Fstory_fbid%3Dpfbid02nyhXp2xtymPF7WgvMbn9uqHpJvXcMUcE6Wx3Y85yVZrc8FfuHJ5nbpQubADg5BC3l%26id%3D100083158940816&amp;show_text=true&amp;width=500\" width=\"500\" height=\"755\" frameborder=\"0\" scrolling=\"no\" allowfullscreen=\"allowfullscreen\"><\/iframe><\/p>\n","protected":false},"excerpt":{"rendered":"<p>Agente de la Polic\u00eda Nacional Civil, en la calle principal de la aldea Morales, en el municipio de Mataquescuintla, fue capturado el se\u00f1or Fernando de Jes\u00fas Aguilar de la Cruz; de 62 a\u00f1os, d\u00e1ndole cumplimiento a una orden de captura vegeten girada en su contra. MIRA: El clima para Jalapa ser\u00e1 soleado para las pr\u00f3ximas semanas Seg\u00fan Jos\u00e9 V\u00e1squez delegado de la oficina de comunicaci\u00f3n social de PNC, esta persona era requerida desde el 08 de noviembre del a\u00f1o 2013, por el Juzgado de Primera Instancia Penal Narcoactividad y Delitos&hellip;<\/p>\n","protected":false},"author":2,"featured_media":11426,"comment_status":"open","ping_status":"open","sticky":false,"template":"","format":"standard","meta":{"footnotes":""},"categories":[3],"tags":[3450,3449],"class_list":["post-11434","post","type-post","status-publish","format-standard","has-post-thumbnail","hentry","category-locales","tag-lo-acusan-de-violacion","tag-tenia-una-orden-de-captura"],"gutentor_comment":0,"_links":{"self":[{"href":"https:\/\/www.notijalapa.net\/noticias\/wp-json\/wp\/v2\/posts\/11434","targetHints":{"allow":["GET"]}}],"collection":[{"href":"https:\/\/www.notijalapa.net\/noticias\/wp-json\/wp\/v2\/posts"}],"about":[{"href":"https:\/\/www.notijalapa.net\/noticias\/wp-json\/wp\/v2\/types\/post"}],"author":[{"embeddable":true,"href":"https:\/\/www.notijalapa.net\/noticias\/wp-json\/wp\/v2\/users\/2"}],"replies":[{"embeddable":true,"href":"https:\/\/www.notijalapa.net\/noticias\/wp-json\/wp\/v2\/comments?post=11434"}],"version-history":[{"count":2,"href":"https:\/\/www.notijalapa.net\/noticias\/wp-json\/wp\/v2\/posts\/11434\/revisions"}],"predecessor-version":[{"id":11443,"href":"https:\/\/www.notijalapa.net\/noticias\/wp-json\/wp\/v2\/posts\/11434\/revisions\/11443"}],"wp:featuredmedia":[{"embeddable":true,"href":"https:\/\/www.notijalapa.net\/noticias\/wp-json\/wp\/v2\/media\/11426"}],"wp:attachment":[{"href":"https:\/\/www.notijalapa.net\/noticias\/wp-json\/wp\/v2\/media?parent=11434"}],"wp:term":[{"taxonomy":"category","embeddable":true,"href":"https:\/\/www.notijalapa.net\/noticias\/wp-json\/wp\/v2\/categories?post=11434"},{"taxonomy":"post_tag","embeddable":true,"href":"https:\/\/www.notijalapa.net\/noticias\/wp-json\/wp\/v2\/tags?post=11434"}],"curies":[{"name":"wp","href":"https:\/\/api.w.org\/{rel}","templated":true}]}}