{"id":11432,"date":"2023-03-15T12:52:43","date_gmt":"2023-03-15T12:52:43","guid":{"rendered":"https:\/\/www.notijalapa.net\/noticias\/?p=11432"},"modified":"2023-03-15T13:08:47","modified_gmt":"2023-03-15T13:08:47","slug":"el-clima-para-jalapa-sera-soleado-para-las-proximas-semanas","status":"publish","type":"post","link":"https:\/\/www.notijalapa.net\/noticias\/2023\/03\/15\/el-clima-para-jalapa-sera-soleado-para-las-proximas-semanas\/","title":{"rendered":"El clima para Jalapa ser\u00e1 soleado para las pr\u00f3ximas semanas"},"content":{"rendered":"<p>Seg\u00fan los pron\u00f3sticos que tienen por parte del Insivumeh, se va a tener una variante en el clima, en horas de la ma\u00f1ana y madrugadas se va a tener nubosidades y con la presencia de lluvia leve, seg\u00fan lo dio manifest\u00f3 el Lic. \u00c1lvaro Garc\u00eda delegado de la CONRED.<\/p>\n<p><a href=\"https:\/\/www.notijalapa.net\/noticias\/2023\/03\/15\/tenia-una-orden-de-captura-desde-hace-diez-por-anos-lo-acusan-de-violacion\/\">MIRA: Ten\u00eda una orden de captura desde hace diez por a\u00f1os, lo acusan de violaci\u00f3n<\/a><\/p>\n<p>Durante el d\u00eda, se va a tener d\u00edas soleados con mayor intensidad de los rayos del sol desde las 10:00 hasta las 16:00 horas, y en horas de la noche se tendr\u00e1n la presencia de vientos.<\/p>\n<p><iframe loading=\"lazy\" title=\"El clima para Jalapa ser\u00e1 soleado para las pr\u00f3ximas semanas\" width=\"640\" height=\"360\" src=\"https:\/\/www.youtube.com\/embed\/3sBTFMQpio8?feature=oembed\" frameborder=\"0\" allow=\"accelerometer; autoplay; clipboard-write; encrypted-media; gyroscope; picture-in-picture; web-share\" referrerpolicy=\"strict-origin-when-cross-origin\" allowfullscreen><\/iframe><\/p>\n<p>Seg\u00fan los monitoreos que se tienen por parte del Insivumeh, al pa\u00eds ingresar\u00e1n dos frentes fr\u00edos en las pr\u00f3ximas horas, pero estos no vendr\u00e1n a afectar a Jalapa, por lo tanto, el clima para el departamento ser\u00e1 soleado.<\/p>\n<p style=\"text-align: center;\"><iframe loading=\"lazy\" style=\"border: none; overflow: hidden;\" src=\"https:\/\/www.facebook.com\/plugins\/post.php?href=https%3A%2F%2Fwww.facebook.com%2Fpermalink.php%3Fstory_fbid%3Dpfbid02XpEL5x5ppZ4iYx23Z4m2Nqr5mTQGvtT6Qzajc2reKMNH3QPcNzMM4AKw2589T4Wel%26id%3D100083158940816&amp;show_text=true&amp;width=500\" width=\"500\" height=\"525\" frameborder=\"0\" scrolling=\"no\" allowfullscreen=\"allowfullscreen\"><\/iframe><\/p>\n","protected":false},"excerpt":{"rendered":"<p>Seg\u00fan los pron\u00f3sticos que tienen por parte del Insivumeh, se va a tener una variante en el clima, en horas de la ma\u00f1ana y madrugadas se va a tener nubosidades y con la presencia de lluvia leve, seg\u00fan lo dio manifest\u00f3 el Lic. \u00c1lvaro Garc\u00eda delegado de la CONRED. MIRA: Ten\u00eda una orden de captura desde hace diez por a\u00f1os, lo acusan de violaci\u00f3n Durante el d\u00eda, se va a tener d\u00edas soleados con mayor intensidad de los rayos del sol desde las 10:00 hasta las 16:00 horas, y en&hellip;<\/p>\n","protected":false},"author":2,"featured_media":11428,"comment_status":"open","ping_status":"open","sticky":false,"template":"","format":"standard","meta":{"footnotes":""},"categories":[3],"tags":[3447,3448],"class_list":["post-11432","post","type-post","status-publish","format-standard","has-post-thumbnail","hentry","category-locales","tag-el-clima-para-jalapa-sera-soleado","tag-para-las-proximas-semanas"],"gutentor_comment":0,"_links":{"self":[{"href":"https:\/\/www.notijalapa.net\/noticias\/wp-json\/wp\/v2\/posts\/11432","targetHints":{"allow":["GET"]}}],"collection":[{"href":"https:\/\/www.notijalapa.net\/noticias\/wp-json\/wp\/v2\/posts"}],"about":[{"href":"https:\/\/www.notijalapa.net\/noticias\/wp-json\/wp\/v2\/types\/post"}],"author":[{"embeddable":true,"href":"https:\/\/www.notijalapa.net\/noticias\/wp-json\/wp\/v2\/users\/2"}],"replies":[{"embeddable":true,"href":"https:\/\/www.notijalapa.net\/noticias\/wp-json\/wp\/v2\/comments?post=11432"}],"version-history":[{"count":2,"href":"https:\/\/www.notijalapa.net\/noticias\/wp-json\/wp\/v2\/posts\/11432\/revisions"}],"predecessor-version":[{"id":11444,"href":"https:\/\/www.notijalapa.net\/noticias\/wp-json\/wp\/v2\/posts\/11432\/revisions\/11444"}],"wp:featuredmedia":[{"embeddable":true,"href":"https:\/\/www.notijalapa.net\/noticias\/wp-json\/wp\/v2\/media\/11428"}],"wp:attachment":[{"href":"https:\/\/www.notijalapa.net\/noticias\/wp-json\/wp\/v2\/media?parent=11432"}],"wp:term":[{"taxonomy":"category","embeddable":true,"href":"https:\/\/www.notijalapa.net\/noticias\/wp-json\/wp\/v2\/categories?post=11432"},{"taxonomy":"post_tag","embeddable":true,"href":"https:\/\/www.notijalapa.net\/noticias\/wp-json\/wp\/v2\/tags?post=11432"}],"curies":[{"name":"wp","href":"https:\/\/api.w.org\/{rel}","templated":true}]}}