{"id":11430,"date":"2023-03-15T12:52:07","date_gmt":"2023-03-15T12:52:07","guid":{"rendered":"https:\/\/www.notijalapa.net\/noticias\/?p=11430"},"modified":"2023-03-15T13:09:49","modified_gmt":"2023-03-15T13:09:49","slug":"el-25-de-marzo-ultimo-dia-para-empadronarse","status":"publish","type":"post","link":"https:\/\/www.notijalapa.net\/noticias\/2023\/03\/15\/el-25-de-marzo-ultimo-dia-para-empadronarse\/","title":{"rendered":"El 25 de marzo \u00faltimo d\u00eda para empadronarse"},"content":{"rendered":"<p>En el Tribunal Supremo Electoral, contin\u00faan empadronando a los ciudadanos, tanto a los que han cumplido ya los 18 a\u00f1os, como a las personas que nunca se han empadronado o que quieren actualizar sus datos, seg\u00fan lo dio a conocer Ad\u00e1n Morales delegado del Tribunal Supremo Electoral.<\/p>\n<p><a href=\"https:\/\/www.notijalapa.net\/noticias\/2023\/03\/15\/no-se-expongan-mucho-a-los-rayos-del-sol\/\">MIRA: No se expongan mucho a los rayos del sol<\/a><\/p>\n<p>Recordemos que este es un tr\u00e1mite personal, \u00fanicamente deben de llevar su Documento Personal de Identificaci\u00f3n (DPI), es totalmente gratis.<\/p>\n<p><iframe loading=\"lazy\" title=\"El 25 de marzo \u00faltimo d\u00eda para empadronarse\" width=\"640\" height=\"360\" src=\"https:\/\/www.youtube.com\/embed\/pfhjXFe4peU?feature=oembed\" frameborder=\"0\" allow=\"accelerometer; autoplay; clipboard-write; encrypted-media; gyroscope; picture-in-picture; web-share\" referrerpolicy=\"strict-origin-when-cross-origin\" allowfullscreen><\/iframe><\/p>\n<p>As\u00ed mismo, ellos han salido a las diferentes comunidades para realizar jornadas de empadronamiento, en las oficinas del TSE est\u00e1n atendiendo de las 7:00 a las 21:00 horas, tambi\u00e9n tienen puestos de empadronamiento en los diferentes centros comerciales de Jalapa.<\/p>\n<p>Recordemos que, el \u00faltimo d\u00eda para empadronarse es el 25 de marzo hasta las 24:00 horas, por lo que invita a todas aquellas personas que a\u00fan no han hecho este tr\u00e1mite muy importante para sufragar su voto y elegir a las pr\u00f3ximas autoridades, para que desde ya lo haga y no lo dejen para el \u00faltimo d\u00eda porque se hacen largas filas.<\/p>\n<p style=\"text-align: center;\"><iframe loading=\"lazy\" style=\"border: none; overflow: hidden;\" src=\"https:\/\/www.facebook.com\/plugins\/post.php?href=https%3A%2F%2Fwww.facebook.com%2Fpermalink.php%3Fstory_fbid%3Dpfbid0dTCvEj27x6gBRyWDqHgXgsyvJ8xYDmYgDkRvKpukY5kwi5JEYGmcgEvGPh8kpFusl%26id%3D100083158940816&amp;show_text=true&amp;width=500\" width=\"500\" height=\"755\" frameborder=\"0\" scrolling=\"no\" allowfullscreen=\"allowfullscreen\"><\/iframe><\/p>\n","protected":false},"excerpt":{"rendered":"<p>En el Tribunal Supremo Electoral, contin\u00faan empadronando a los ciudadanos, tanto a los que han cumplido ya los 18 a\u00f1os, como a las personas que nunca se han empadronado o que quieren actualizar sus datos, seg\u00fan lo dio a conocer Ad\u00e1n Morales delegado del Tribunal Supremo Electoral. MIRA: No se expongan mucho a los rayos del sol Recordemos que este es un tr\u00e1mite personal, \u00fanicamente deben de llevar su Documento Personal de Identificaci\u00f3n (DPI), es totalmente gratis. As\u00ed mismo, ellos han salido a las diferentes comunidades para realizar jornadas de&hellip;<\/p>\n","protected":false},"author":2,"featured_media":11427,"comment_status":"open","ping_status":"open","sticky":false,"template":"","format":"standard","meta":{"footnotes":""},"categories":[3],"tags":[3445,3446],"class_list":["post-11430","post","type-post","status-publish","format-standard","has-post-thumbnail","hentry","category-locales","tag-el-25-de-marzo","tag-ultimo-dia-para-empadronarse"],"gutentor_comment":0,"_links":{"self":[{"href":"https:\/\/www.notijalapa.net\/noticias\/wp-json\/wp\/v2\/posts\/11430","targetHints":{"allow":["GET"]}}],"collection":[{"href":"https:\/\/www.notijalapa.net\/noticias\/wp-json\/wp\/v2\/posts"}],"about":[{"href":"https:\/\/www.notijalapa.net\/noticias\/wp-json\/wp\/v2\/types\/post"}],"author":[{"embeddable":true,"href":"https:\/\/www.notijalapa.net\/noticias\/wp-json\/wp\/v2\/users\/2"}],"replies":[{"embeddable":true,"href":"https:\/\/www.notijalapa.net\/noticias\/wp-json\/wp\/v2\/comments?post=11430"}],"version-history":[{"count":2,"href":"https:\/\/www.notijalapa.net\/noticias\/wp-json\/wp\/v2\/posts\/11430\/revisions"}],"predecessor-version":[{"id":11445,"href":"https:\/\/www.notijalapa.net\/noticias\/wp-json\/wp\/v2\/posts\/11430\/revisions\/11445"}],"wp:featuredmedia":[{"embeddable":true,"href":"https:\/\/www.notijalapa.net\/noticias\/wp-json\/wp\/v2\/media\/11427"}],"wp:attachment":[{"href":"https:\/\/www.notijalapa.net\/noticias\/wp-json\/wp\/v2\/media?parent=11430"}],"wp:term":[{"taxonomy":"category","embeddable":true,"href":"https:\/\/www.notijalapa.net\/noticias\/wp-json\/wp\/v2\/categories?post=11430"},{"taxonomy":"post_tag","embeddable":true,"href":"https:\/\/www.notijalapa.net\/noticias\/wp-json\/wp\/v2\/tags?post=11430"}],"curies":[{"name":"wp","href":"https:\/\/api.w.org\/{rel}","templated":true}]}}