{"id":11311,"date":"2023-03-09T12:40:46","date_gmt":"2023-03-09T12:40:46","guid":{"rendered":"https:\/\/www.notijalapa.net\/noticias\/?p=11311"},"modified":"2023-03-09T12:53:17","modified_gmt":"2023-03-09T12:53:17","slug":"conmemoran-el-dia-internacional-de-la-mujer","status":"publish","type":"post","link":"https:\/\/www.notijalapa.net\/noticias\/2023\/03\/09\/conmemoran-el-dia-internacional-de-la-mujer\/","title":{"rendered":"Conmemoran el d\u00eda internacional de la mujer"},"content":{"rendered":"<p>El 08 de marzo, se conmemora la lucha que todas las mujeres han tenido a lo largo de la historia y una lucha que a\u00fan no se termina, siguen en el trabajo de buscar la igual y la equidad de g\u00e9nero, buscando pol\u00edticos que se comprometan a buscar mejoras en la calidad de vida de las mujeres, seg\u00fan lo dio a conocer la Licda. Blanca Beltr\u00e1n delegada de la Secretar\u00eda Presidencial de la Mujer.<\/p>\n<p><a href=\"https:\/\/www.notijalapa.net\/noticias\/2023\/03\/09\/han-encontrado-debilidades-en-el-retorno-a-clases\/\">MIRA: Han encontrado debilidades en el retorno a clases<\/a><\/p>\n<p>Las mujeres d\u00eda con d\u00eda tienen una lucha es busca de una oportunidad de empleo, en busca de beneficios, y que se busque siempre la equidad de g\u00e9nero, que no discriminen a una mujer solo por ser mujer porque todos tienen los mismos derechos.<\/p>\n<p><iframe loading=\"lazy\" title=\"Conmemoran el d\u00eda internacional de la mujer\" width=\"640\" height=\"360\" src=\"https:\/\/www.youtube.com\/embed\/2-_VUcPCF3M?feature=oembed\" frameborder=\"0\" allow=\"accelerometer; autoplay; clipboard-write; encrypted-media; gyroscope; picture-in-picture; web-share\" referrerpolicy=\"strict-origin-when-cross-origin\" allowfullscreen><\/iframe><\/p>\n<p>La conmemoraci\u00f3n es para resaltar que, las mujeres han pasado por un proceso de lucha para tener igualdad y equidad, invita a todas las mujeres a continuar con esa lucha para que sean escuchadas por todas las personas y sentirse orgullosas de que han avanzado, pero que la lucha no ha terminado.<\/p>\n<p style=\"text-align: center;\"><iframe loading=\"lazy\" style=\"border: none; overflow: hidden;\" src=\"https:\/\/www.facebook.com\/plugins\/post.php?href=https%3A%2F%2Fwww.facebook.com%2Fpermalink.php%3Fstory_fbid%3Dpfbid0UdSkNNrWjUeMQvvUjXyGK5WX4u8vHW4ktjqTXSU9Fj9ce2dtVuUBTFJE48kUVr6gl%26id%3D100083158940816&amp;show_text=true&amp;width=500\" width=\"500\" height=\"506\" frameborder=\"0\" scrolling=\"no\" allowfullscreen=\"allowfullscreen\"><\/iframe><\/p>\n","protected":false},"excerpt":{"rendered":"<p>El 08 de marzo, se conmemora la lucha que todas las mujeres han tenido a lo largo de la historia y una lucha que a\u00fan no se termina, siguen en el trabajo de buscar la igual y la equidad de g\u00e9nero, buscando pol\u00edticos que se comprometan a buscar mejoras en la calidad de vida de las mujeres, seg\u00fan lo dio a conocer la Licda. Blanca Beltr\u00e1n delegada de la Secretar\u00eda Presidencial de la Mujer. MIRA: Han encontrado debilidades en el retorno a clases Las mujeres d\u00eda con d\u00eda tienen una&hellip;<\/p>\n","protected":false},"author":2,"featured_media":11306,"comment_status":"open","ping_status":"open","sticky":false,"template":"","format":"standard","meta":{"footnotes":""},"categories":[3],"tags":[2699,3406],"class_list":["post-11311","post","type-post","status-publish","format-standard","has-post-thumbnail","hentry","category-locales","tag-conmemoran-el-dia","tag-internacional-de-la-mujer"],"gutentor_comment":0,"_links":{"self":[{"href":"https:\/\/www.notijalapa.net\/noticias\/wp-json\/wp\/v2\/posts\/11311","targetHints":{"allow":["GET"]}}],"collection":[{"href":"https:\/\/www.notijalapa.net\/noticias\/wp-json\/wp\/v2\/posts"}],"about":[{"href":"https:\/\/www.notijalapa.net\/noticias\/wp-json\/wp\/v2\/types\/post"}],"author":[{"embeddable":true,"href":"https:\/\/www.notijalapa.net\/noticias\/wp-json\/wp\/v2\/users\/2"}],"replies":[{"embeddable":true,"href":"https:\/\/www.notijalapa.net\/noticias\/wp-json\/wp\/v2\/comments?post=11311"}],"version-history":[{"count":2,"href":"https:\/\/www.notijalapa.net\/noticias\/wp-json\/wp\/v2\/posts\/11311\/revisions"}],"predecessor-version":[{"id":11323,"href":"https:\/\/www.notijalapa.net\/noticias\/wp-json\/wp\/v2\/posts\/11311\/revisions\/11323"}],"wp:featuredmedia":[{"embeddable":true,"href":"https:\/\/www.notijalapa.net\/noticias\/wp-json\/wp\/v2\/media\/11306"}],"wp:attachment":[{"href":"https:\/\/www.notijalapa.net\/noticias\/wp-json\/wp\/v2\/media?parent=11311"}],"wp:term":[{"taxonomy":"category","embeddable":true,"href":"https:\/\/www.notijalapa.net\/noticias\/wp-json\/wp\/v2\/categories?post=11311"},{"taxonomy":"post_tag","embeddable":true,"href":"https:\/\/www.notijalapa.net\/noticias\/wp-json\/wp\/v2\/tags?post=11311"}],"curies":[{"name":"wp","href":"https:\/\/api.w.org\/{rel}","templated":true}]}}