{"id":11250,"date":"2023-03-07T12:39:32","date_gmt":"2023-03-07T12:39:32","guid":{"rendered":"https:\/\/www.notijalapa.net\/noticias\/?p=11250"},"modified":"2023-03-07T12:53:52","modified_gmt":"2023-03-07T12:53:52","slug":"buscaran-evitar-la-tala-ilegal-de-arboles","status":"publish","type":"post","link":"https:\/\/www.notijalapa.net\/noticias\/2023\/03\/07\/buscaran-evitar-la-tala-ilegal-de-arboles\/","title":{"rendered":"Buscar\u00e1n evitar la tala ilegal de \u00e1rboles"},"content":{"rendered":"<p>La tala ilegal de \u00e1rboles es una problem\u00e1tica que tienen desde muchos a\u00f1os y que ha venido afectar grandemente a los bosques y la cobertura forestal de nuestro departamento, seg\u00fan lo dio a conocer el Ing. Josu\u00e9 Flori\u00e1n delegado de Instituto Nacional de Bosques.<\/p>\n<p><a href=\"https:\/\/www.notijalapa.net\/noticias\/2023\/03\/07\/invitan-para-que-pacientes-renales-visiten-la-clinica-de-emergencias\/\">MIRA:Invitan para que pacientes renales visiten la cl\u00ednica de emergencias<\/a><\/p>\n<p>Buscan trabajar de la mano con la fiscal\u00eda del Ministerio P\u00fablico y esperan el apoyo de otros delegados de instituciones para que se sumen a evitar las talas ilegales de \u00e1rboles que hay en nuestro departamento.<\/p>\n<p><iframe loading=\"lazy\" title=\"Buscar\u00e1n evitar la tala ilegal de \u00e1rboles\" width=\"640\" height=\"360\" src=\"https:\/\/www.youtube.com\/embed\/3OpqOhFcVgU?feature=oembed\" frameborder=\"0\" allow=\"accelerometer; autoplay; clipboard-write; encrypted-media; gyroscope; picture-in-picture; web-share\" referrerpolicy=\"strict-origin-when-cross-origin\" allowfullscreen><\/iframe><\/p>\n<p>As\u00ed mismo, invita a la poblaci\u00f3n jalapaneca para que denuncien cuando una persona esta cortando un \u00e1rbol, recordemos que ahora se deben de solicitar los permisos pertinentes para que se autorice el aprovechamiento de un producto forestal.<\/p>\n<p style=\"text-align: center;\"><iframe loading=\"lazy\" style=\"border: none; overflow: hidden;\" src=\"https:\/\/www.facebook.com\/plugins\/post.php?href=https%3A%2F%2Fwww.facebook.com%2Fpermalink.php%3Fstory_fbid%3Dpfbid0BEETZpRt9tTXX1SiZtn8b35yf2PkduZ7ricqgt6fipf338uJJ492jC6gqifHNUZRl%26id%3D100083158940816&amp;show_text=true&amp;width=500\" width=\"500\" height=\"755\" frameborder=\"0\" scrolling=\"no\" allowfullscreen=\"allowfullscreen\"><\/iframe><\/p>\n","protected":false},"excerpt":{"rendered":"<p>La tala ilegal de \u00e1rboles es una problem\u00e1tica que tienen desde muchos a\u00f1os y que ha venido afectar grandemente a los bosques y la cobertura forestal de nuestro departamento, seg\u00fan lo dio a conocer el Ing. Josu\u00e9 Flori\u00e1n delegado de Instituto Nacional de Bosques. MIRA:Invitan para que pacientes renales visiten la cl\u00ednica de emergencias Buscan trabajar de la mano con la fiscal\u00eda del Ministerio P\u00fablico y esperan el apoyo de otros delegados de instituciones para que se sumen a evitar las talas ilegales de \u00e1rboles que hay en nuestro departamento.&hellip;<\/p>\n","protected":false},"author":2,"featured_media":11245,"comment_status":"open","ping_status":"open","sticky":false,"template":"","format":"standard","meta":{"footnotes":""},"categories":[3],"tags":[3383,3384],"class_list":["post-11250","post","type-post","status-publish","format-standard","has-post-thumbnail","hentry","category-locales","tag-buscaran-evitar","tag-la-tala-ilegal-de-arboles"],"gutentor_comment":0,"_links":{"self":[{"href":"https:\/\/www.notijalapa.net\/noticias\/wp-json\/wp\/v2\/posts\/11250","targetHints":{"allow":["GET"]}}],"collection":[{"href":"https:\/\/www.notijalapa.net\/noticias\/wp-json\/wp\/v2\/posts"}],"about":[{"href":"https:\/\/www.notijalapa.net\/noticias\/wp-json\/wp\/v2\/types\/post"}],"author":[{"embeddable":true,"href":"https:\/\/www.notijalapa.net\/noticias\/wp-json\/wp\/v2\/users\/2"}],"replies":[{"embeddable":true,"href":"https:\/\/www.notijalapa.net\/noticias\/wp-json\/wp\/v2\/comments?post=11250"}],"version-history":[{"count":2,"href":"https:\/\/www.notijalapa.net\/noticias\/wp-json\/wp\/v2\/posts\/11250\/revisions"}],"predecessor-version":[{"id":11265,"href":"https:\/\/www.notijalapa.net\/noticias\/wp-json\/wp\/v2\/posts\/11250\/revisions\/11265"}],"wp:featuredmedia":[{"embeddable":true,"href":"https:\/\/www.notijalapa.net\/noticias\/wp-json\/wp\/v2\/media\/11245"}],"wp:attachment":[{"href":"https:\/\/www.notijalapa.net\/noticias\/wp-json\/wp\/v2\/media?parent=11250"}],"wp:term":[{"taxonomy":"category","embeddable":true,"href":"https:\/\/www.notijalapa.net\/noticias\/wp-json\/wp\/v2\/categories?post=11250"},{"taxonomy":"post_tag","embeddable":true,"href":"https:\/\/www.notijalapa.net\/noticias\/wp-json\/wp\/v2\/tags?post=11250"}],"curies":[{"name":"wp","href":"https:\/\/api.w.org\/{rel}","templated":true}]}}