{"id":11071,"date":"2023-02-25T12:57:06","date_gmt":"2023-02-25T12:57:06","guid":{"rendered":"https:\/\/www.notijalapa.net\/noticias\/?p=11071"},"modified":"2023-02-25T13:12:28","modified_gmt":"2023-02-25T13:12:28","slug":"inauguran-las-nuevas-instalaciones-de-pdh-en-jalapa","status":"publish","type":"post","link":"https:\/\/www.notijalapa.net\/noticias\/2023\/02\/25\/inauguran-las-nuevas-instalaciones-de-pdh-en-jalapa\/","title":{"rendered":"Inauguran las nuevas instalaciones de PDH en Jalapa"},"content":{"rendered":"<p>Este viernes, la Licda. Mar\u00eda Eugenia Rivera Procuradora Adjunta I de los Derechos Humanos, estuvo visitando las nuevas instalaciones de la Auxiliatura de los Derechos Humanos en Jalapa, para inaugurarlas y ver c\u00f3mo han estado trabajando.<\/p>\n<p><a href=\"https:\/\/www.notijalapa.net\/noticias\/2023\/02\/25\/que-es-el-ayuno-en-tiempo-de-cuaresma\/\">MIRA: Que es el ayuno en tiempo de cuaresma<\/a><\/p>\n<p>Las nuestras instalaciones est\u00e1n al servicio de toda la poblaci\u00f3n jalapaneca, est\u00e1n ubicada en la\u00a02da. Calle \u201cA\u201d 6-41 en la zona 1 del barrio La Democracia, cuadra y media debajo de la PNC y media cuadra a la derecha\u00a0para que lleguen a colocar sus denuncias, que ellos le estar\u00e1n dando el seguimiento oportuno.<\/p>\n<p><iframe loading=\"lazy\" title=\"Inauguran las nuevas instalaciones de PDH en Jalapa\" width=\"640\" height=\"360\" src=\"https:\/\/www.youtube.com\/embed\/C1jY7JAkFUU?feature=oembed\" frameborder=\"0\" allow=\"accelerometer; autoplay; clipboard-write; encrypted-media; gyroscope; picture-in-picture; web-share\" referrerpolicy=\"strict-origin-when-cross-origin\" allowfullscreen><\/iframe><\/p>\n<p>As\u00ed mismo, felicitar a todo el equipo de trabajo con el que cuenta esta auxiliatura departamental, por todo el trabajo que han venido realizando a lo largo de estos a\u00f1os y reafirmar el compromiso para trabajar en defensa de los derechos humanos en Jalapa.<\/p>\n<p>Agreg\u00f3 que, el compromiso que tienen el Procurador de los Derechos Humanos Dr. Alejandro C\u00f3rdova va enfocado en trabajar sobre 8 ejes, uno de ellos es, el fortalecimiento constitucional, trabajar por la educaci\u00f3n, la salud y la defensa de los derechos humanos.<\/p>\n<p style=\"text-align: center;\"><iframe loading=\"lazy\" style=\"border: none; overflow: hidden;\" src=\"https:\/\/www.facebook.com\/plugins\/post.php?href=https%3A%2F%2Fwww.facebook.com%2Fpermalink.php%3Fstory_fbid%3Dpfbid02hRr6EoYtixpUbusPYcxWXPMsT4Xed6dsJGWCa56zMUhBi4VvViGW5oE53M375icTl%26id%3D100083158940816&amp;show_text=true&amp;width=500\" width=\"500\" height=\"545\" frameborder=\"0\" scrolling=\"no\" allowfullscreen=\"allowfullscreen\"><\/iframe><\/p>\n","protected":false},"excerpt":{"rendered":"<p>Este viernes, la Licda. Mar\u00eda Eugenia Rivera Procuradora Adjunta I de los Derechos Humanos, estuvo visitando las nuevas instalaciones de la Auxiliatura de los Derechos Humanos en Jalapa, para inaugurarlas y ver c\u00f3mo han estado trabajando. MIRA: Que es el ayuno en tiempo de cuaresma Las nuestras instalaciones est\u00e1n al servicio de toda la poblaci\u00f3n jalapaneca, est\u00e1n ubicada en la\u00a02da. Calle \u201cA\u201d 6-41 en la zona 1 del barrio La Democracia, cuadra y media debajo de la PNC y media cuadra a la derecha\u00a0para que lleguen a colocar sus denuncias,&hellip;<\/p>\n","protected":false},"author":2,"featured_media":11063,"comment_status":"open","ping_status":"open","sticky":false,"template":"","format":"standard","meta":{"footnotes":""},"categories":[3],"tags":[3320,3321],"class_list":["post-11071","post","type-post","status-publish","format-standard","has-post-thumbnail","hentry","category-locales","tag-inauguran-las-nuevas","tag-instalaciones-de-pdh-en-jalapa"],"gutentor_comment":0,"_links":{"self":[{"href":"https:\/\/www.notijalapa.net\/noticias\/wp-json\/wp\/v2\/posts\/11071","targetHints":{"allow":["GET"]}}],"collection":[{"href":"https:\/\/www.notijalapa.net\/noticias\/wp-json\/wp\/v2\/posts"}],"about":[{"href":"https:\/\/www.notijalapa.net\/noticias\/wp-json\/wp\/v2\/types\/post"}],"author":[{"embeddable":true,"href":"https:\/\/www.notijalapa.net\/noticias\/wp-json\/wp\/v2\/users\/2"}],"replies":[{"embeddable":true,"href":"https:\/\/www.notijalapa.net\/noticias\/wp-json\/wp\/v2\/comments?post=11071"}],"version-history":[{"count":2,"href":"https:\/\/www.notijalapa.net\/noticias\/wp-json\/wp\/v2\/posts\/11071\/revisions"}],"predecessor-version":[{"id":11077,"href":"https:\/\/www.notijalapa.net\/noticias\/wp-json\/wp\/v2\/posts\/11071\/revisions\/11077"}],"wp:featuredmedia":[{"embeddable":true,"href":"https:\/\/www.notijalapa.net\/noticias\/wp-json\/wp\/v2\/media\/11063"}],"wp:attachment":[{"href":"https:\/\/www.notijalapa.net\/noticias\/wp-json\/wp\/v2\/media?parent=11071"}],"wp:term":[{"taxonomy":"category","embeddable":true,"href":"https:\/\/www.notijalapa.net\/noticias\/wp-json\/wp\/v2\/categories?post=11071"},{"taxonomy":"post_tag","embeddable":true,"href":"https:\/\/www.notijalapa.net\/noticias\/wp-json\/wp\/v2\/tags?post=11071"}],"curies":[{"name":"wp","href":"https:\/\/api.w.org\/{rel}","templated":true}]}}