{"id":11069,"date":"2023-02-25T12:56:34","date_gmt":"2023-02-25T12:56:34","guid":{"rendered":"https:\/\/www.notijalapa.net\/noticias\/?p=11069"},"modified":"2023-02-25T13:13:26","modified_gmt":"2023-02-25T13:13:26","slug":"conmemoraran-los-40-anos-de-fundacion-de-los-bomberos-voluntarios-en-jalapa","status":"publish","type":"post","link":"https:\/\/www.notijalapa.net\/noticias\/2023\/02\/25\/conmemoraran-los-40-anos-de-fundacion-de-los-bomberos-voluntarios-en-jalapa\/","title":{"rendered":"Conmemoraran los 40 a\u00f1os de fundaci\u00f3n de los Bomberos Voluntarios en Jalapa"},"content":{"rendered":"<p>El 27 de febrero de 1983, se fund\u00f3 la 44 Compa\u00f1\u00eda de Bomberos Voluntarios de Jalapa, ya son cuarenta a\u00f1os de estar prestando sus servicios en el municipio de Jalapa y este domingo estar\u00e1n conmemorando es fecha con la que iniciaron a salvar vidas, seg\u00fan lo dio a conocer Jaime Parras Galonista de Bomberos Voluntarios de Jalapa.<\/p>\n<p><a href=\"https:\/\/www.notijalapa.net\/noticias\/2023\/02\/25\/dan-inicio-con-los-programas-educativos\/\">MIRA: Dan inicio con los programas educativos<\/a><\/p>\n<p>Con esta celebraci\u00f3n, tambi\u00e9n estar\u00e1n graduando la primera promoci\u00f3n regional de Bomberos Voluntarios, luego de tres a\u00f1os de pandemia se abri\u00f3 nuevamente la escuela nacional de bomberos y este domingo 26 de febrero se estar\u00e1n graduando aproximadamente 35 nuevos elementos a nivel regional.<\/p>\n<p><iframe loading=\"lazy\" title=\"Conmemoraran los 40 a\u00f1os de fundaci\u00f3n de los Bomberos Voluntarios en Jalapa\" width=\"640\" height=\"360\" src=\"https:\/\/www.youtube.com\/embed\/rhw6mUZgEe4?feature=oembed\" frameborder=\"0\" allow=\"accelerometer; autoplay; clipboard-write; encrypted-media; gyroscope; picture-in-picture; web-share\" referrerpolicy=\"strict-origin-when-cross-origin\" allowfullscreen><\/iframe><\/p>\n<p>As\u00ed mismo, ya esta abierta la inscripci\u00f3n para nuevos aspirantes a Bomberos Voluntarios, el \u00faltimo d\u00eda para inscribirse es el 28 de febrero, posteriormente le estar\u00e1n haciendo unas pruebas f\u00edsicas, para posteriormente iniciar con las capacitaciones.<\/p>\n<p style=\"text-align: center;\"><iframe loading=\"lazy\" style=\"border: none; overflow: hidden;\" src=\"https:\/\/www.facebook.com\/plugins\/post.php?href=https%3A%2F%2Fwww.facebook.com%2Fpermalink.php%3Fstory_fbid%3Dpfbid02dq9SGGcUmeVpvTQi9WZswFSu7793Ji6GHcG7SKc4admfdQLqYDhctMqbiGkyf8hgl%26id%3D100083158940816&amp;show_text=true&amp;width=500\" width=\"500\" height=\"813\" frameborder=\"0\" scrolling=\"no\" allowfullscreen=\"allowfullscreen\"><\/iframe><\/p>\n","protected":false},"excerpt":{"rendered":"<p>El 27 de febrero de 1983, se fund\u00f3 la 44 Compa\u00f1\u00eda de Bomberos Voluntarios de Jalapa, ya son cuarenta a\u00f1os de estar prestando sus servicios en el municipio de Jalapa y este domingo estar\u00e1n conmemorando es fecha con la que iniciaron a salvar vidas, seg\u00fan lo dio a conocer Jaime Parras Galonista de Bomberos Voluntarios de Jalapa. MIRA: Dan inicio con los programas educativos Con esta celebraci\u00f3n, tambi\u00e9n estar\u00e1n graduando la primera promoci\u00f3n regional de Bomberos Voluntarios, luego de tres a\u00f1os de pandemia se abri\u00f3 nuevamente la escuela nacional de&hellip;<\/p>\n","protected":false},"author":2,"featured_media":11061,"comment_status":"open","ping_status":"open","sticky":false,"template":"","format":"standard","meta":{"footnotes":""},"categories":[3],"tags":[3318,3319],"class_list":["post-11069","post","type-post","status-publish","format-standard","has-post-thumbnail","hentry","category-locales","tag-conmemoraran-los-40-anos","tag-fundacion-de-los-bomberos-voluntarios"],"gutentor_comment":0,"_links":{"self":[{"href":"https:\/\/www.notijalapa.net\/noticias\/wp-json\/wp\/v2\/posts\/11069","targetHints":{"allow":["GET"]}}],"collection":[{"href":"https:\/\/www.notijalapa.net\/noticias\/wp-json\/wp\/v2\/posts"}],"about":[{"href":"https:\/\/www.notijalapa.net\/noticias\/wp-json\/wp\/v2\/types\/post"}],"author":[{"embeddable":true,"href":"https:\/\/www.notijalapa.net\/noticias\/wp-json\/wp\/v2\/users\/2"}],"replies":[{"embeddable":true,"href":"https:\/\/www.notijalapa.net\/noticias\/wp-json\/wp\/v2\/comments?post=11069"}],"version-history":[{"count":2,"href":"https:\/\/www.notijalapa.net\/noticias\/wp-json\/wp\/v2\/posts\/11069\/revisions"}],"predecessor-version":[{"id":11078,"href":"https:\/\/www.notijalapa.net\/noticias\/wp-json\/wp\/v2\/posts\/11069\/revisions\/11078"}],"wp:featuredmedia":[{"embeddable":true,"href":"https:\/\/www.notijalapa.net\/noticias\/wp-json\/wp\/v2\/media\/11061"}],"wp:attachment":[{"href":"https:\/\/www.notijalapa.net\/noticias\/wp-json\/wp\/v2\/media?parent=11069"}],"wp:term":[{"taxonomy":"category","embeddable":true,"href":"https:\/\/www.notijalapa.net\/noticias\/wp-json\/wp\/v2\/categories?post=11069"},{"taxonomy":"post_tag","embeddable":true,"href":"https:\/\/www.notijalapa.net\/noticias\/wp-json\/wp\/v2\/tags?post=11069"}],"curies":[{"name":"wp","href":"https:\/\/api.w.org\/{rel}","templated":true}]}}