{"id":11065,"date":"2023-02-25T12:54:47","date_gmt":"2023-02-25T12:54:47","guid":{"rendered":"https:\/\/www.notijalapa.net\/noticias\/?p=11065"},"modified":"2023-02-25T13:16:42","modified_gmt":"2023-02-25T13:16:42","slug":"que-es-el-ayuno-en-tiempo-de-cuaresma","status":"publish","type":"post","link":"https:\/\/www.notijalapa.net\/noticias\/2023\/02\/25\/que-es-el-ayuno-en-tiempo-de-cuaresma\/","title":{"rendered":"Que es el ayuno en tiempo de cuaresma"},"content":{"rendered":"<p>Con la llegada de la cuaresma, tambi\u00e9n se habla mucho del ayuno, pero muchas personas desconocen de esto, como se hace, porque se hace o a que se refiere con hacer ayuno durante estos cuarenta d\u00edas.<\/p>\n<p><a href=\"https:\/\/www.notijalapa.net\/noticias\/2023\/02\/25\/inauguran-las-nuevas-instalaciones-de-pdh-en-jalapa\/\">MIRA: Inauguran las nuevas instalaciones de PDH en Jalapa<\/a><\/p>\n<p>Seg\u00fan Ilcear L\u00f3pez Mart\u00ednez Sacerdote de la Parroquia Nuestra Se\u00f1ora del Carmen, el sentido del ayuno es, una manera penitencial de decir yo ofrezco no comer un tiempo de comida, pero eso lo voy a compartir con un ancianito, una viuda, con una persona de la calle o el invitar a una persona que carece de comida.<\/p>\n<p><iframe loading=\"lazy\" title=\"Que es el ayuno en tiempo de cuaresma\" width=\"640\" height=\"360\" src=\"https:\/\/www.youtube.com\/embed\/7VpagbSvIwA?feature=oembed\" frameborder=\"0\" allow=\"accelerometer; autoplay; clipboard-write; encrypted-media; gyroscope; picture-in-picture; web-share\" referrerpolicy=\"strict-origin-when-cross-origin\" allowfullscreen><\/iframe><\/p>\n<p>El ayuno est\u00e1 muy relacionado con la caridad, sabiendo que Dios, es un Dios de misericordia, pero tambi\u00e9n es la reparaci\u00f3n que nosotros queremos de nuestra vida, as\u00ed como el pecado nos ha afectado.<\/p>\n<p style=\"text-align: center;\"><iframe loading=\"lazy\" style=\"border: none; overflow: hidden;\" src=\"https:\/\/www.facebook.com\/plugins\/post.php?href=https%3A%2F%2Fwww.facebook.com%2Fpermalink.php%3Fstory_fbid%3Dpfbid0kjwxdHPXKMJBmDQSp9Gks7gy4ZQzSC1K99JgtRVR3undjGwohsNcBazcPJyVCBt5l%26id%3D100083158940816&amp;show_text=true&amp;width=500\" width=\"500\" height=\"774\" frameborder=\"0\" scrolling=\"no\" allowfullscreen=\"allowfullscreen\"><\/iframe><\/p>\n","protected":false},"excerpt":{"rendered":"<p>Con la llegada de la cuaresma, tambi\u00e9n se habla mucho del ayuno, pero muchas personas desconocen de esto, como se hace, porque se hace o a que se refiere con hacer ayuno durante estos cuarenta d\u00edas. MIRA: Inauguran las nuevas instalaciones de PDH en Jalapa Seg\u00fan Ilcear L\u00f3pez Mart\u00ednez Sacerdote de la Parroquia Nuestra Se\u00f1ora del Carmen, el sentido del ayuno es, una manera penitencial de decir yo ofrezco no comer un tiempo de comida, pero eso lo voy a compartir con un ancianito, una viuda, con una persona de&hellip;<\/p>\n","protected":false},"author":2,"featured_media":11059,"comment_status":"open","ping_status":"open","sticky":false,"template":"","format":"standard","meta":{"footnotes":""},"categories":[3],"tags":[3316,3315],"class_list":["post-11065","post","type-post","status-publish","format-standard","has-post-thumbnail","hentry","category-locales","tag-en-tiempo-de-cuaresma","tag-que-es-el-ayuno"],"gutentor_comment":0,"_links":{"self":[{"href":"https:\/\/www.notijalapa.net\/noticias\/wp-json\/wp\/v2\/posts\/11065","targetHints":{"allow":["GET"]}}],"collection":[{"href":"https:\/\/www.notijalapa.net\/noticias\/wp-json\/wp\/v2\/posts"}],"about":[{"href":"https:\/\/www.notijalapa.net\/noticias\/wp-json\/wp\/v2\/types\/post"}],"author":[{"embeddable":true,"href":"https:\/\/www.notijalapa.net\/noticias\/wp-json\/wp\/v2\/users\/2"}],"replies":[{"embeddable":true,"href":"https:\/\/www.notijalapa.net\/noticias\/wp-json\/wp\/v2\/comments?post=11065"}],"version-history":[{"count":2,"href":"https:\/\/www.notijalapa.net\/noticias\/wp-json\/wp\/v2\/posts\/11065\/revisions"}],"predecessor-version":[{"id":11080,"href":"https:\/\/www.notijalapa.net\/noticias\/wp-json\/wp\/v2\/posts\/11065\/revisions\/11080"}],"wp:featuredmedia":[{"embeddable":true,"href":"https:\/\/www.notijalapa.net\/noticias\/wp-json\/wp\/v2\/media\/11059"}],"wp:attachment":[{"href":"https:\/\/www.notijalapa.net\/noticias\/wp-json\/wp\/v2\/media?parent=11065"}],"wp:term":[{"taxonomy":"category","embeddable":true,"href":"https:\/\/www.notijalapa.net\/noticias\/wp-json\/wp\/v2\/categories?post=11065"},{"taxonomy":"post_tag","embeddable":true,"href":"https:\/\/www.notijalapa.net\/noticias\/wp-json\/wp\/v2\/tags?post=11065"}],"curies":[{"name":"wp","href":"https:\/\/api.w.org\/{rel}","templated":true}]}}