{"id":11057,"date":"2023-02-25T12:54:18","date_gmt":"2023-02-25T12:54:18","guid":{"rendered":"https:\/\/www.notijalapa.net\/noticias\/?p=11057"},"modified":"2023-02-25T13:17:47","modified_gmt":"2023-02-25T13:17:47","slug":"en-una-semana-dos-menores-recien-nacidos-han-sido-abandonados","status":"publish","type":"post","link":"https:\/\/www.notijalapa.net\/noticias\/2023\/02\/25\/en-una-semana-dos-menores-recien-nacidos-han-sido-abandonados\/","title":{"rendered":"En una semana dos menores reci\u00e9n nacidos han sido abandonados"},"content":{"rendered":"<p>En la Procuradur\u00eda General de la Naci\u00f3n han conocido de varios casos de ni\u00f1os reci\u00e9n nacidos abandonados y varios de esos casos han logrado identificar la procedencia, es decir la l\u00ednea consangu\u00ednea de los ni\u00f1os que han sido abandonados, seg\u00fan lo dio a conocer el Lic. Luis M\u00e9ndez delegado de la Procuradur\u00eda General de la Naci\u00f3n.<\/p>\n<p><a href=\"https:\/\/www.notijalapa.net\/noticias\/2023\/02\/25\/de-3-a-5-anos-de-carcel-podria-ser-la-pena-por-abandonar-a-un-nino\/\">MIRA: De 3 a 5 a\u00f1os de c\u00e1rcel podr\u00eda ser la pena por abandonar a un ni\u00f1o<\/a><\/p>\n<p>En la mayor\u00eda de los casos la investigaci\u00f3n ha sido muy exitosa, porque se ha logrado localizar a la familia para no llevar un procedimiento de adoptabilidad y tener que llevar el expediente al consejo nacional de adopci\u00f3n.<\/p>\n<p><iframe loading=\"lazy\" title=\"En una semana dos menores reci\u00e9n nacidos han sido abandonados\" width=\"640\" height=\"360\" src=\"https:\/\/www.youtube.com\/embed\/g30cKBU9acg?feature=oembed\" frameborder=\"0\" allow=\"accelerometer; autoplay; clipboard-write; encrypted-media; gyroscope; picture-in-picture; web-share\" referrerpolicy=\"strict-origin-when-cross-origin\" allowfullscreen><\/iframe><\/p>\n<p>Es importante resaltar que, durante este a\u00f1o ya es el segundo caso que tienen registrado de ni\u00f1os reci\u00e9n nacidos abandonados, los cuales se han registrado durante la \u00faltima semana del mes de febrero, puntualiz\u00f3 M\u00e9ndez.<\/p>\n<p style=\"text-align: center;\"><iframe loading=\"lazy\" style=\"border: none; overflow: hidden;\" src=\"https:\/\/www.facebook.com\/plugins\/post.php?href=https%3A%2F%2Fwww.facebook.com%2Fpermalink.php%3Fstory_fbid%3Dpfbid0mL2FVkWJooii2FdSyzaYGvZ5NHeKLJw6ChfDCcYDr6ddwwAfpVuzMAKeQj6ESiyjl%26id%3D100083158940816&amp;show_text=true&amp;width=500\" width=\"500\" height=\"525\" frameborder=\"0\" scrolling=\"no\" allowfullscreen=\"allowfullscreen\"><\/iframe><\/p>\n","protected":false},"excerpt":{"rendered":"<p>En la Procuradur\u00eda General de la Naci\u00f3n han conocido de varios casos de ni\u00f1os reci\u00e9n nacidos abandonados y varios de esos casos han logrado identificar la procedencia, es decir la l\u00ednea consangu\u00ednea de los ni\u00f1os que han sido abandonados, seg\u00fan lo dio a conocer el Lic. Luis M\u00e9ndez delegado de la Procuradur\u00eda General de la Naci\u00f3n. MIRA: De 3 a 5 a\u00f1os de c\u00e1rcel podr\u00eda ser la pena por abandonar a un ni\u00f1o En la mayor\u00eda de los casos la investigaci\u00f3n ha sido muy exitosa, porque se ha logrado localizar&hellip;<\/p>\n","protected":false},"author":2,"featured_media":11058,"comment_status":"open","ping_status":"open","sticky":false,"template":"","format":"standard","meta":{"footnotes":""},"categories":[3],"tags":[3313,3314],"class_list":["post-11057","post","type-post","status-publish","format-standard","has-post-thumbnail","hentry","category-locales","tag-en-una-semana-dos-menores","tag-recien-nacidos-han-sido-abandonados"],"gutentor_comment":0,"_links":{"self":[{"href":"https:\/\/www.notijalapa.net\/noticias\/wp-json\/wp\/v2\/posts\/11057","targetHints":{"allow":["GET"]}}],"collection":[{"href":"https:\/\/www.notijalapa.net\/noticias\/wp-json\/wp\/v2\/posts"}],"about":[{"href":"https:\/\/www.notijalapa.net\/noticias\/wp-json\/wp\/v2\/types\/post"}],"author":[{"embeddable":true,"href":"https:\/\/www.notijalapa.net\/noticias\/wp-json\/wp\/v2\/users\/2"}],"replies":[{"embeddable":true,"href":"https:\/\/www.notijalapa.net\/noticias\/wp-json\/wp\/v2\/comments?post=11057"}],"version-history":[{"count":2,"href":"https:\/\/www.notijalapa.net\/noticias\/wp-json\/wp\/v2\/posts\/11057\/revisions"}],"predecessor-version":[{"id":11081,"href":"https:\/\/www.notijalapa.net\/noticias\/wp-json\/wp\/v2\/posts\/11057\/revisions\/11081"}],"wp:featuredmedia":[{"embeddable":true,"href":"https:\/\/www.notijalapa.net\/noticias\/wp-json\/wp\/v2\/media\/11058"}],"wp:attachment":[{"href":"https:\/\/www.notijalapa.net\/noticias\/wp-json\/wp\/v2\/media?parent=11057"}],"wp:term":[{"taxonomy":"category","embeddable":true,"href":"https:\/\/www.notijalapa.net\/noticias\/wp-json\/wp\/v2\/categories?post=11057"},{"taxonomy":"post_tag","embeddable":true,"href":"https:\/\/www.notijalapa.net\/noticias\/wp-json\/wp\/v2\/tags?post=11057"}],"curies":[{"name":"wp","href":"https:\/\/api.w.org\/{rel}","templated":true}]}}