{"id":10947,"date":"2023-02-21T12:55:11","date_gmt":"2023-02-21T12:55:11","guid":{"rendered":"https:\/\/www.notijalapa.net\/noticias\/?p=10947"},"modified":"2023-02-21T13:09:19","modified_gmt":"2023-02-21T13:09:19","slug":"bomberos-voluntarios-capacitan-a-ninos-y-personal-de-centros-educativos","status":"publish","type":"post","link":"https:\/\/www.notijalapa.net\/noticias\/2023\/02\/21\/bomberos-voluntarios-capacitan-a-ninos-y-personal-de-centros-educativos\/","title":{"rendered":"Bomberos Voluntarios capacitan a ni\u00f1os y personal de centros educativos"},"content":{"rendered":"<p>Diferentes centros educativos de Jalapa env\u00edan solicitudes a los Bomberos Voluntarios para que lleguen a las escuelas o colegios para que les brinden una charla del trabajo que ellos realizan, seg\u00fan lo dio a conocer Jaime Parras Galonista de Bomberos Voluntarios.<\/p>\n<p><a href=\"https:\/\/www.notijalapa.net\/noticias\/2023\/02\/21\/continuan-con-las-jornadas-de-empadronamiento\/\">MIRA: Contin\u00faan con las jornadas de empadronamiento<\/a><\/p>\n<p>Ahora que ya las clases son presenciales este 2023, ya les han girado varias solicitudes para que lleguen a los centros educativos a capacitar a los estudiantes sobre primeros auxilios b\u00e1sicos, la simulaci\u00f3n de sismos y el tener un plan de evacuaci\u00f3n.<\/p>\n<p><iframe loading=\"lazy\" title=\"Bomberos Voluntarios capacitan a ni\u00f1os y personal de centros educativos\" width=\"640\" height=\"360\" src=\"https:\/\/www.youtube.com\/embed\/ecAdbHmVHtw?feature=oembed\" frameborder=\"0\" allow=\"accelerometer; autoplay; clipboard-write; encrypted-media; gyroscope; picture-in-picture; web-share\" referrerpolicy=\"strict-origin-when-cross-origin\" allowfullscreen><\/iframe><\/p>\n<p>Todos los centros educativos tanto p\u00fablicos como privados que deseen este tipo de capacitaciones, deben de enviar una solicitud al director o jefe de compa\u00f1\u00eda de los Bomberos Voluntarios, concluyo Parras.<\/p>\n<p style=\"text-align: center;\"><iframe loading=\"lazy\" style=\"border: none; overflow: hidden;\" src=\"https:\/\/www.facebook.com\/plugins\/post.php?href=https%3A%2F%2Fwww.facebook.com%2Fpermalink.php%3Fstory_fbid%3Dpfbid0tkR9xHicKL7vXNcRWvt1cGTYzn5KaU9wz4XyLgvD2hAV6672jhd5Q1EmEtqkyz3ml%26id%3D100083158940816&amp;show_text=true&amp;width=500\" width=\"500\" height=\"774\" frameborder=\"0\" scrolling=\"no\" allowfullscreen=\"allowfullscreen\"><\/iframe><\/p>\n","protected":false},"excerpt":{"rendered":"<p>Diferentes centros educativos de Jalapa env\u00edan solicitudes a los Bomberos Voluntarios para que lleguen a las escuelas o colegios para que les brinden una charla del trabajo que ellos realizan, seg\u00fan lo dio a conocer Jaime Parras Galonista de Bomberos Voluntarios. MIRA: Contin\u00faan con las jornadas de empadronamiento Ahora que ya las clases son presenciales este 2023, ya les han girado varias solicitudes para que lleguen a los centros educativos a capacitar a los estudiantes sobre primeros auxilios b\u00e1sicos, la simulaci\u00f3n de sismos y el tener un plan de evacuaci\u00f3n.&hellip;<\/p>\n","protected":false},"author":2,"featured_media":10938,"comment_status":"open","ping_status":"open","sticky":false,"template":"","format":"standard","meta":{"footnotes":""},"categories":[3],"tags":[14,3278],"class_list":["post-10947","post","type-post","status-publish","format-standard","has-post-thumbnail","hentry","category-locales","tag-bomberos-voluntarios","tag-capacitan-a-ninos-y-personal"],"gutentor_comment":0,"_links":{"self":[{"href":"https:\/\/www.notijalapa.net\/noticias\/wp-json\/wp\/v2\/posts\/10947","targetHints":{"allow":["GET"]}}],"collection":[{"href":"https:\/\/www.notijalapa.net\/noticias\/wp-json\/wp\/v2\/posts"}],"about":[{"href":"https:\/\/www.notijalapa.net\/noticias\/wp-json\/wp\/v2\/types\/post"}],"author":[{"embeddable":true,"href":"https:\/\/www.notijalapa.net\/noticias\/wp-json\/wp\/v2\/users\/2"}],"replies":[{"embeddable":true,"href":"https:\/\/www.notijalapa.net\/noticias\/wp-json\/wp\/v2\/comments?post=10947"}],"version-history":[{"count":2,"href":"https:\/\/www.notijalapa.net\/noticias\/wp-json\/wp\/v2\/posts\/10947\/revisions"}],"predecessor-version":[{"id":10955,"href":"https:\/\/www.notijalapa.net\/noticias\/wp-json\/wp\/v2\/posts\/10947\/revisions\/10955"}],"wp:featuredmedia":[{"embeddable":true,"href":"https:\/\/www.notijalapa.net\/noticias\/wp-json\/wp\/v2\/media\/10938"}],"wp:attachment":[{"href":"https:\/\/www.notijalapa.net\/noticias\/wp-json\/wp\/v2\/media?parent=10947"}],"wp:term":[{"taxonomy":"category","embeddable":true,"href":"https:\/\/www.notijalapa.net\/noticias\/wp-json\/wp\/v2\/categories?post=10947"},{"taxonomy":"post_tag","embeddable":true,"href":"https:\/\/www.notijalapa.net\/noticias\/wp-json\/wp\/v2\/tags?post=10947"}],"curies":[{"name":"wp","href":"https:\/\/api.w.org\/{rel}","templated":true}]}}