{"id":1078,"date":"2021-10-23T14:19:55","date_gmt":"2021-10-23T14:19:55","guid":{"rendered":"https:\/\/www.notijalapa.net\/noticias\/?p=1078"},"modified":"2021-10-23T14:32:13","modified_gmt":"2021-10-23T14:32:13","slug":"realizan-reunion-de-coe-municipal-en-pinula-para-ver-las-acciones-por-el-ingreso-de-temporada-de-frio","status":"publish","type":"post","link":"https:\/\/www.notijalapa.net\/noticias\/2021\/10\/23\/realizan-reunion-de-coe-municipal-en-pinula-para-ver-las-acciones-por-el-ingreso-de-temporada-de-frio\/","title":{"rendered":"Realizan reuni\u00f3n de COE municipal en Pinula para ver las acciones por el ingreso de temporada de frio"},"content":{"rendered":"<p>Esta semana se realiz\u00f3 una reuni\u00f3n del centro de operaciones de emergencia del municipio de San Pedro Pinula, esto para empezar a coordinar las acciones por el ingreso a la temporada de frio, seg\u00fan lo dio a conocer Roberto Ram\u00edrez Guerra alcalde municipal de San Pedro Pinula.<\/p>\n<p><a href=\"https:\/\/www.notijalapa.net\/noticias\/2021\/10\/23\/centros-de-rehabilitacion-atienden-a-mas-de-65-ninos\/\">MIRA: Centros de rehabilitaci\u00f3n atienden a m\u00e1s de 65 ni\u00f1os<\/a><\/p>\n<p>En esta reuni\u00f3n estuvo presente el delegado de la CONRED, quien es el que se encarga de brindar toda la informaci\u00f3n de c\u00f3mo se estar\u00e1 trabajando en esta temporada de frio, y tambi\u00e9n estuvieron presentes algunos delegados de instituciones.<\/p>\n<p><iframe loading=\"lazy\" title=\"Realizan Reuni\u00f3n De Coe Municipal En Pinula Para Ver Las Acciones Por El Ingreso De Temporada De Fri\" width=\"640\" height=\"360\" src=\"https:\/\/www.youtube.com\/embed\/Jg1QcqbFkzg?feature=oembed\" frameborder=\"0\" allow=\"accelerometer; autoplay; clipboard-write; encrypted-media; gyroscope; picture-in-picture; web-share\" referrerpolicy=\"strict-origin-when-cross-origin\" allowfullscreen><\/iframe><\/p>\n<p>El objetivo de estas reuniones es, poder empezar a realizar las coordinaciones pertinentes, tanto de la temporada de frio, como tambi\u00e9n de como se ha venido trabajando con la pandemia del Covid-19 y que acciones se continuaran realizando.<\/p>\n<p style=\"text-align: center;\"><iframe loading=\"lazy\" style=\"border: none; overflow: hidden;\" src=\"https:\/\/www.facebook.com\/plugins\/post.php?href=https%3A%2F%2Fwww.facebook.com%2Fpermalink.php%3Fstory_fbid%3D4490096891106427%26id%3D541551329294356&amp;show_text=true&amp;width=500\" width=\"500\" height=\"751\" frameborder=\"0\" scrolling=\"no\" allowfullscreen=\"allowfullscreen\"><\/iframe><\/p>\n<p>&nbsp;<\/p>\n","protected":false},"excerpt":{"rendered":"<p>Esta semana se realiz\u00f3 una reuni\u00f3n del centro de operaciones de emergencia del municipio de San Pedro Pinula, esto para empezar a coordinar las acciones por el ingreso a la temporada de frio, seg\u00fan lo dio a conocer Roberto Ram\u00edrez Guerra alcalde municipal de San Pedro Pinula. MIRA: Centros de rehabilitaci\u00f3n atienden a m\u00e1s de 65 ni\u00f1os En esta reuni\u00f3n estuvo presente el delegado de la CONRED, quien es el que se encarga de brindar toda la informaci\u00f3n de c\u00f3mo se estar\u00e1 trabajando en esta temporada de frio, y tambi\u00e9n&hellip;<\/p>\n","protected":false},"author":2,"featured_media":1070,"comment_status":"open","ping_status":"open","sticky":false,"template":"","format":"standard","meta":{"footnotes":""},"categories":[3],"tags":[106,26],"class_list":["post-1078","post","type-post","status-publish","format-standard","has-post-thumbnail","hentry","category-locales","tag-alcalde-municipal","tag-covid-19"],"gutentor_comment":0,"_links":{"self":[{"href":"https:\/\/www.notijalapa.net\/noticias\/wp-json\/wp\/v2\/posts\/1078","targetHints":{"allow":["GET"]}}],"collection":[{"href":"https:\/\/www.notijalapa.net\/noticias\/wp-json\/wp\/v2\/posts"}],"about":[{"href":"https:\/\/www.notijalapa.net\/noticias\/wp-json\/wp\/v2\/types\/post"}],"author":[{"embeddable":true,"href":"https:\/\/www.notijalapa.net\/noticias\/wp-json\/wp\/v2\/users\/2"}],"replies":[{"embeddable":true,"href":"https:\/\/www.notijalapa.net\/noticias\/wp-json\/wp\/v2\/comments?post=1078"}],"version-history":[{"count":3,"href":"https:\/\/www.notijalapa.net\/noticias\/wp-json\/wp\/v2\/posts\/1078\/revisions"}],"predecessor-version":[{"id":1085,"href":"https:\/\/www.notijalapa.net\/noticias\/wp-json\/wp\/v2\/posts\/1078\/revisions\/1085"}],"wp:featuredmedia":[{"embeddable":true,"href":"https:\/\/www.notijalapa.net\/noticias\/wp-json\/wp\/v2\/media\/1070"}],"wp:attachment":[{"href":"https:\/\/www.notijalapa.net\/noticias\/wp-json\/wp\/v2\/media?parent=1078"}],"wp:term":[{"taxonomy":"category","embeddable":true,"href":"https:\/\/www.notijalapa.net\/noticias\/wp-json\/wp\/v2\/categories?post=1078"},{"taxonomy":"post_tag","embeddable":true,"href":"https:\/\/www.notijalapa.net\/noticias\/wp-json\/wp\/v2\/tags?post=1078"}],"curies":[{"name":"wp","href":"https:\/\/api.w.org\/{rel}","templated":true}]}}