{"id":10765,"date":"2023-02-11T12:35:02","date_gmt":"2023-02-11T12:35:02","guid":{"rendered":"https:\/\/www.notijalapa.net\/noticias\/?p=10765"},"modified":"2023-02-11T12:47:45","modified_gmt":"2023-02-11T12:47:45","slug":"dan-inicio-con-los-entrenamientos-militares","status":"publish","type":"post","link":"https:\/\/www.notijalapa.net\/noticias\/2023\/02\/11\/dan-inicio-con-los-entrenamientos-militares\/","title":{"rendered":"Dan inicio con los entrenamientos militares"},"content":{"rendered":"<p>El primer fin de semana de febrero, iniciaron con los entrenamientos militares a todas los j\u00f3venes que ingresaron este a\u00f1o, el domingo 05 se dio la inauguraci\u00f3n y bienvenida a los nuevos reservistas, seg\u00fan lo dio a conocer Sanic Salom\u00f3n Inspector de Reservas Militares.<\/p>\n<p><a href=\"https:\/\/www.notijalapa.net\/noticias\/2023\/02\/11\/se-debe-tener-una-mesa-de-trabajo-para-garantizar-la-seguridad\/\">MIRA: Se debe tener una mesa de trabajo para garantizar la seguridad<\/a><\/p>\n<p>Han estado en reuniones con delegados de las diferentes instituciones gubernamentales, para que ellos sean parte de brindar capacitaciones al grupo de reservistas, porque son una instituci\u00f3n de servicio, y deben tener la capacidad de apoyar a las diferentes instituciones para realizar actividades de proyecci\u00f3n social.<\/p>\n<p><iframe loading=\"lazy\" title=\"Dan Inicio Con Los Entrenamientos Militares 1\" width=\"640\" height=\"360\" src=\"https:\/\/www.youtube.com\/embed\/SoUU-1qt-DQ?feature=oembed\" frameborder=\"0\" allow=\"accelerometer; autoplay; clipboard-write; encrypted-media; gyroscope; picture-in-picture; web-share\" referrerpolicy=\"strict-origin-when-cross-origin\" allowfullscreen><\/iframe><\/p>\n<p>Cabe mencionar que, la parte principal del reservista es el entrenamiento militar, es decir el entrenamiento b\u00e1sico de un soldado, as\u00ed mismo, capacitan a los reservistas en temas de desastres naturales, para ello tambi\u00e9n han solicitado el apoyo de los Bomberos Voluntarios, para que les brinden sus conocimientos de rescate y primeros auxilios.<\/p>\n<p style=\"text-align: center;\"><iframe loading=\"lazy\" style=\"border: none; overflow: hidden;\" src=\"https:\/\/www.facebook.com\/plugins\/post.php?href=https%3A%2F%2Fwww.facebook.com%2Fpermalink.php%3Fstory_fbid%3Dpfbid0Nr3cyfTSxtAk2XPyPiVbq8RrXE9FAwSkwP46UfecvTksGWcmKnSsupiHaqMnURiYl%26id%3D100083158940816&amp;show_text=true&amp;width=500\" width=\"500\" height=\"755\" frameborder=\"0\" scrolling=\"no\" allowfullscreen=\"allowfullscreen\"><\/iframe><\/p>\n","protected":false},"excerpt":{"rendered":"<p>El primer fin de semana de febrero, iniciaron con los entrenamientos militares a todas los j\u00f3venes que ingresaron este a\u00f1o, el domingo 05 se dio la inauguraci\u00f3n y bienvenida a los nuevos reservistas, seg\u00fan lo dio a conocer Sanic Salom\u00f3n Inspector de Reservas Militares. MIRA: Se debe tener una mesa de trabajo para garantizar la seguridad Han estado en reuniones con delegados de las diferentes instituciones gubernamentales, para que ellos sean parte de brindar capacitaciones al grupo de reservistas, porque son una instituci\u00f3n de servicio, y deben tener la capacidad&hellip;<\/p>\n","protected":false},"author":2,"featured_media":10755,"comment_status":"open","ping_status":"open","sticky":false,"template":"","format":"standard","meta":{"footnotes":""},"categories":[3],"tags":[3215,3216],"class_list":["post-10765","post","type-post","status-publish","format-standard","has-post-thumbnail","hentry","category-locales","tag-dan-inicio","tag-entrenamientos-militares"],"gutentor_comment":0,"_links":{"self":[{"href":"https:\/\/www.notijalapa.net\/noticias\/wp-json\/wp\/v2\/posts\/10765","targetHints":{"allow":["GET"]}}],"collection":[{"href":"https:\/\/www.notijalapa.net\/noticias\/wp-json\/wp\/v2\/posts"}],"about":[{"href":"https:\/\/www.notijalapa.net\/noticias\/wp-json\/wp\/v2\/types\/post"}],"author":[{"embeddable":true,"href":"https:\/\/www.notijalapa.net\/noticias\/wp-json\/wp\/v2\/users\/2"}],"replies":[{"embeddable":true,"href":"https:\/\/www.notijalapa.net\/noticias\/wp-json\/wp\/v2\/comments?post=10765"}],"version-history":[{"count":2,"href":"https:\/\/www.notijalapa.net\/noticias\/wp-json\/wp\/v2\/posts\/10765\/revisions"}],"predecessor-version":[{"id":10774,"href":"https:\/\/www.notijalapa.net\/noticias\/wp-json\/wp\/v2\/posts\/10765\/revisions\/10774"}],"wp:featuredmedia":[{"embeddable":true,"href":"https:\/\/www.notijalapa.net\/noticias\/wp-json\/wp\/v2\/media\/10755"}],"wp:attachment":[{"href":"https:\/\/www.notijalapa.net\/noticias\/wp-json\/wp\/v2\/media?parent=10765"}],"wp:term":[{"taxonomy":"category","embeddable":true,"href":"https:\/\/www.notijalapa.net\/noticias\/wp-json\/wp\/v2\/categories?post=10765"},{"taxonomy":"post_tag","embeddable":true,"href":"https:\/\/www.notijalapa.net\/noticias\/wp-json\/wp\/v2\/tags?post=10765"}],"curies":[{"name":"wp","href":"https:\/\/api.w.org\/{rel}","templated":true}]}}