{"id":1076,"date":"2021-10-23T14:19:10","date_gmt":"2021-10-23T14:19:10","guid":{"rendered":"https:\/\/www.notijalapa.net\/noticias\/?p=1076"},"modified":"2021-10-23T14:34:22","modified_gmt":"2021-10-23T14:34:22","slug":"incendios-forestales-en-su-mayoria-son-provocados-por-el-ser-humano","status":"publish","type":"post","link":"https:\/\/www.notijalapa.net\/noticias\/2021\/10\/23\/incendios-forestales-en-su-mayoria-son-provocados-por-el-ser-humano\/","title":{"rendered":"Incendios forestales en su mayor\u00eda son provocados por el ser humano"},"content":{"rendered":"<p>El da\u00f1o que le ocasionamos al ecosistema con un incendio forestal tarda a\u00f1os en regenerarse, el da\u00f1o que le ocasionamos con un incendio perjudica a la flora y a la fauna, seg\u00fan lo dio a conocer Oscar Garc\u00eda T\u00e9cnico Regional en incendios forestales de la CONRED.<\/p>\n<p><a href=\"https:\/\/www.notijalapa.net\/noticias\/2021\/10\/23\/realizan-reunion-de-coe-municipal-en-pinula-para-ver-las-acciones-por-el-ingreso-de-temporada-de-frio\/\">MIRA: Realizan reuni\u00f3n de COE municipal en Pinula para ver las acciones por el ingreso de temporada de frio<\/a><\/p>\n<p>Cuando hay un incendio forestal, hay animalitos que se van de esos lugares y es ah\u00ed donde perjudicamos las plagas y rompemos un ciclo muy importante en el ecosistema que es la cadena alimenticia.<\/p>\n<p><iframe loading=\"lazy\" title=\"Tome Sus Medidas Para Prevenir Incendios En Pastizales 1\" width=\"640\" height=\"360\" src=\"https:\/\/www.youtube.com\/embed\/KRWYt_2CvCY?feature=oembed\" frameborder=\"0\" allow=\"accelerometer; autoplay; clipboard-write; encrypted-media; gyroscope; picture-in-picture; web-share\" referrerpolicy=\"strict-origin-when-cross-origin\" allowfullscreen><\/iframe><\/p>\n<p>Son de cinco a diez a\u00f1os los que lleva la tierra para poder recuperarse luego haber sufrido un incendio, cabe mencionar que solo se podr\u00e1 recuperar a un ochenta por ciento de la naturaleza.<\/p>\n<p>Un noventa por ciento de los incendios forestales, son provocados por el ser humano, y esto se da por las malas pr\u00e1cticas agr\u00edcolas, la negligencia de las personas al no tener conciencia del da\u00f1o que se le pueden ocasionar a la naturaleza y que al final ellos mismos terminan perjudicados, en caso de las serpientes que al ver invadido su territorio emigran a las viviendas.<\/p>\n<p style=\"text-align: center;\"><iframe loading=\"lazy\" style=\"border: none; overflow: hidden;\" src=\"https:\/\/www.facebook.com\/plugins\/post.php?href=https%3A%2F%2Fwww.facebook.com%2Fpermalink.php%3Fstory_fbid%3D4490094141106702%26id%3D541551329294356&amp;show_text=true&amp;width=500\" width=\"500\" height=\"751\" frameborder=\"0\" scrolling=\"no\" allowfullscreen=\"allowfullscreen\"><\/iframe><\/p>\n","protected":false},"excerpt":{"rendered":"<p>El da\u00f1o que le ocasionamos al ecosistema con un incendio forestal tarda a\u00f1os en regenerarse, el da\u00f1o que le ocasionamos con un incendio perjudica a la flora y a la fauna, seg\u00fan lo dio a conocer Oscar Garc\u00eda T\u00e9cnico Regional en incendios forestales de la CONRED. MIRA: Realizan reuni\u00f3n de COE municipal en Pinula para ver las acciones por el ingreso de temporada de frio Cuando hay un incendio forestal, hay animalitos que se van de esos lugares y es ah\u00ed donde perjudicamos las plagas y rompemos un ciclo muy&hellip;<\/p>\n","protected":false},"author":2,"featured_media":1068,"comment_status":"open","ping_status":"open","sticky":false,"template":"","format":"standard","meta":{"footnotes":""},"categories":[3],"tags":[105,104],"class_list":["post-1076","post","type-post","status-publish","format-standard","has-post-thumbnail","hentry","category-locales","tag-ecosistema","tag-incendio-forestal"],"gutentor_comment":0,"_links":{"self":[{"href":"https:\/\/www.notijalapa.net\/noticias\/wp-json\/wp\/v2\/posts\/1076","targetHints":{"allow":["GET"]}}],"collection":[{"href":"https:\/\/www.notijalapa.net\/noticias\/wp-json\/wp\/v2\/posts"}],"about":[{"href":"https:\/\/www.notijalapa.net\/noticias\/wp-json\/wp\/v2\/types\/post"}],"author":[{"embeddable":true,"href":"https:\/\/www.notijalapa.net\/noticias\/wp-json\/wp\/v2\/users\/2"}],"replies":[{"embeddable":true,"href":"https:\/\/www.notijalapa.net\/noticias\/wp-json\/wp\/v2\/comments?post=1076"}],"version-history":[{"count":3,"href":"https:\/\/www.notijalapa.net\/noticias\/wp-json\/wp\/v2\/posts\/1076\/revisions"}],"predecessor-version":[{"id":1087,"href":"https:\/\/www.notijalapa.net\/noticias\/wp-json\/wp\/v2\/posts\/1076\/revisions\/1087"}],"wp:featuredmedia":[{"embeddable":true,"href":"https:\/\/www.notijalapa.net\/noticias\/wp-json\/wp\/v2\/media\/1068"}],"wp:attachment":[{"href":"https:\/\/www.notijalapa.net\/noticias\/wp-json\/wp\/v2\/media?parent=1076"}],"wp:term":[{"taxonomy":"category","embeddable":true,"href":"https:\/\/www.notijalapa.net\/noticias\/wp-json\/wp\/v2\/categories?post=1076"},{"taxonomy":"post_tag","embeddable":true,"href":"https:\/\/www.notijalapa.net\/noticias\/wp-json\/wp\/v2\/tags?post=1076"}],"curies":[{"name":"wp","href":"https:\/\/api.w.org\/{rel}","templated":true}]}}