{"id":10463,"date":"2023-01-28T12:56:55","date_gmt":"2023-01-28T12:56:55","guid":{"rendered":"https:\/\/www.notijalapa.net\/noticias\/?p=10463"},"modified":"2023-01-28T13:05:33","modified_gmt":"2023-01-28T13:05:33","slug":"feria-titular-del-municipio-de-san-pedro-pinula","status":"publish","type":"post","link":"https:\/\/www.notijalapa.net\/noticias\/2023\/01\/28\/feria-titular-del-municipio-de-san-pedro-pinula\/","title":{"rendered":"Feria titular del municipio de San Pedro Pinula"},"content":{"rendered":"<p>Est\u00e1n pr\u00f3ximos a dar inicio con las diferentes actividades de la feria titular del municipio de San Pedro Pinula, en honor a la Virgen de Candelaria, en donde tienen programadas diferentes actividades para celebrar a lo grande a la Virgen, seg\u00fan lo dio a conocer Roberto Ram\u00edrez Guerra alcalde municipal de San Pedro Pinula.<\/p>\n<p><a href=\"https:\/\/www.notijalapa.net\/noticias\/2023\/01\/28\/evite-problemas-legales-al-no-reforestar-el-area-que-ha-deforestado\/\">MIRA: Evite problemas legales al no reforestar el \u00e1rea que ha deforestado<\/a><\/p>\n<p>El d\u00eda mi\u00e9rcoles, 01 de febrero, dar\u00e1n inicio con las diferentes actividades, empezando por la coronaci\u00f3n de las reinas del municipio, para el 02 de febrero tienen actividades religiosas en honor a la Virgen de Candelaria.<\/p>\n<p><iframe loading=\"lazy\" title=\"Feria titular del municipio de San Pedro Pinula\" width=\"640\" height=\"360\" src=\"https:\/\/www.youtube.com\/embed\/HtfHE1Pcz4Y?feature=oembed\" frameborder=\"0\" allow=\"accelerometer; autoplay; clipboard-write; encrypted-media; gyroscope; picture-in-picture; web-share\" referrerpolicy=\"strict-origin-when-cross-origin\" allowfullscreen><\/iframe><\/p>\n<p>Hace la invitaci\u00f3n a las personas de los diferentes municipios y departamentos, para que, del 01 al 06 de febrero, disfruten de las diferentes actividades de la feria titular de San Pedro Pinula, van a contar con actividades culturales, sociales, deportivas y religiosas.<\/p>\n<p>As\u00ed mismo, pueden disfrutar de los dos balnearios con los que cuenta el municipio, para que pasen estos d\u00edas de lo mejor, por lo tanto, reitera la invitaci\u00f3n para que no se pierdan de las diferentes actividades que tienen preparadas en la feria titular de San Pedro Pinula 2023.<\/p>\n<p style=\"text-align: center;\"><iframe loading=\"lazy\" style=\"border: none; overflow: hidden;\" src=\"https:\/\/www.facebook.com\/plugins\/post.php?href=https%3A%2F%2Fwww.facebook.com%2Fpermalink.php%3Fstory_fbid%3Dpfbid028BBSozGFekM7vrYNRnJcB1yhXyeWcjB3GzJAR46gJ1K7pQNz7rEAWBC7z71tX9TPl%26id%3D100083158940816&amp;show_text=true&amp;width=500\" width=\"500\" height=\"672\" frameborder=\"0\" scrolling=\"no\" allowfullscreen=\"allowfullscreen\"><\/iframe><\/p>\n","protected":false},"excerpt":{"rendered":"<p>Est\u00e1n pr\u00f3ximos a dar inicio con las diferentes actividades de la feria titular del municipio de San Pedro Pinula, en honor a la Virgen de Candelaria, en donde tienen programadas diferentes actividades para celebrar a lo grande a la Virgen, seg\u00fan lo dio a conocer Roberto Ram\u00edrez Guerra alcalde municipal de San Pedro Pinula. MIRA: Evite problemas legales al no reforestar el \u00e1rea que ha deforestado El d\u00eda mi\u00e9rcoles, 01 de febrero, dar\u00e1n inicio con las diferentes actividades, empezando por la coronaci\u00f3n de las reinas del municipio, para el 02&hellip;<\/p>\n","protected":false},"author":1,"featured_media":10453,"comment_status":"open","ping_status":"open","sticky":false,"template":"","format":"standard","meta":{"footnotes":""},"categories":[3],"tags":[3106,3105],"class_list":["post-10463","post","type-post","status-publish","format-standard","has-post-thumbnail","hentry","category-locales","tag-de-san-pedro-pinula","tag-feria-titular"],"gutentor_comment":0,"_links":{"self":[{"href":"https:\/\/www.notijalapa.net\/noticias\/wp-json\/wp\/v2\/posts\/10463","targetHints":{"allow":["GET"]}}],"collection":[{"href":"https:\/\/www.notijalapa.net\/noticias\/wp-json\/wp\/v2\/posts"}],"about":[{"href":"https:\/\/www.notijalapa.net\/noticias\/wp-json\/wp\/v2\/types\/post"}],"author":[{"embeddable":true,"href":"https:\/\/www.notijalapa.net\/noticias\/wp-json\/wp\/v2\/users\/1"}],"replies":[{"embeddable":true,"href":"https:\/\/www.notijalapa.net\/noticias\/wp-json\/wp\/v2\/comments?post=10463"}],"version-history":[{"count":3,"href":"https:\/\/www.notijalapa.net\/noticias\/wp-json\/wp\/v2\/posts\/10463\/revisions"}],"predecessor-version":[{"id":10466,"href":"https:\/\/www.notijalapa.net\/noticias\/wp-json\/wp\/v2\/posts\/10463\/revisions\/10466"}],"wp:featuredmedia":[{"embeddable":true,"href":"https:\/\/www.notijalapa.net\/noticias\/wp-json\/wp\/v2\/media\/10453"}],"wp:attachment":[{"href":"https:\/\/www.notijalapa.net\/noticias\/wp-json\/wp\/v2\/media?parent=10463"}],"wp:term":[{"taxonomy":"category","embeddable":true,"href":"https:\/\/www.notijalapa.net\/noticias\/wp-json\/wp\/v2\/categories?post=10463"},{"taxonomy":"post_tag","embeddable":true,"href":"https:\/\/www.notijalapa.net\/noticias\/wp-json\/wp\/v2\/tags?post=10463"}],"curies":[{"name":"wp","href":"https:\/\/api.w.org\/{rel}","templated":true}]}}