{"id":10461,"date":"2023-01-28T12:56:30","date_gmt":"2023-01-28T12:56:30","guid":{"rendered":"https:\/\/www.notijalapa.net\/noticias\/?p=10461"},"modified":"2023-01-28T13:06:31","modified_gmt":"2023-01-28T13:06:31","slug":"frente-frio-afecta-a-jalapa","status":"publish","type":"post","link":"https:\/\/www.notijalapa.net\/noticias\/2023\/01\/28\/frente-frio-afecta-a-jalapa\/","title":{"rendered":"Frente frio afecta a Jalapa"},"content":{"rendered":"<p>Seg\u00fan los reportes que les han enviado por parte del Insivumeh, la ma\u00f1ana del jueves ingreso un nuevo frente frio al pa\u00eds, mismo que va afectar con lluvias en diferentes puntos de Guatemala, seg\u00fan lo dio a conocer el Lic. \u00c1lvaro Garc\u00eda delegado de la CONRED.<\/p>\n<p><a href=\"https:\/\/www.notijalapa.net\/noticias\/2023\/01\/28\/ya-han-firmado-cinco-convenios-de-los-ocho-proyectos-a-ejecutar-con-fondos-de-codede\/\">MIRA: Ya han firmado cinco convenios de los ocho proyectos a ejecutar con fondos de CODEDE<\/a><\/p>\n<p>Este frente frio afectar\u00e1 al pa\u00eds durante cuatro d\u00edas, Jalapa no ser\u00e1 la excepci\u00f3n, se tendr\u00e1n nublados totales en horas del d\u00eda con la presencia de lluvia, as\u00ed como de vientos que permanecer\u00e1n hasta el d\u00eda domingo.<\/p>\n<p><iframe loading=\"lazy\" title=\"Frente Frio Afecta A Jalapa 1\" width=\"640\" height=\"360\" src=\"https:\/\/www.youtube.com\/embed\/seyeoP3SLQk?feature=oembed\" frameborder=\"0\" allow=\"accelerometer; autoplay; clipboard-write; encrypted-media; gyroscope; picture-in-picture; web-share\" referrerpolicy=\"strict-origin-when-cross-origin\" allowfullscreen><\/iframe><\/p>\n<p>Es importante que, si van a salir que se abriguen bien para no sufrir enfermedades respiratorias, que siempre lleven un paraguas y equipo de protecci\u00f3n para la lluvia.<\/p>\n<p style=\"text-align: center;\"><iframe loading=\"lazy\" style=\"border: none; overflow: hidden;\" src=\"https:\/\/www.facebook.com\/plugins\/post.php?href=https%3A%2F%2Fwww.facebook.com%2Fpermalink.php%3Fstory_fbid%3Dpfbid0yiAwinyXhi4heZnK6XozXJcXKvobnm6CuDdzo8grH2h3r8uhwrsfwoa68joA7tHAl%26id%3D100083158940816&amp;show_text=true&amp;width=500\" width=\"500\" height=\"506\" frameborder=\"0\" scrolling=\"no\" allowfullscreen=\"allowfullscreen\"><\/iframe><\/p>\n","protected":false},"excerpt":{"rendered":"<p>Seg\u00fan los reportes que les han enviado por parte del Insivumeh, la ma\u00f1ana del jueves ingreso un nuevo frente frio al pa\u00eds, mismo que va afectar con lluvias en diferentes puntos de Guatemala, seg\u00fan lo dio a conocer el Lic. \u00c1lvaro Garc\u00eda delegado de la CONRED. MIRA: Ya han firmado cinco convenios de los ocho proyectos a ejecutar con fondos de CODEDE Este frente frio afectar\u00e1 al pa\u00eds durante cuatro d\u00edas, Jalapa no ser\u00e1 la excepci\u00f3n, se tendr\u00e1n nublados totales en horas del d\u00eda con la presencia de lluvia, as\u00ed&hellip;<\/p>\n","protected":false},"author":2,"featured_media":10452,"comment_status":"open","ping_status":"open","sticky":false,"template":"","format":"standard","meta":{"footnotes":""},"categories":[3],"tags":[3104,921],"class_list":["post-10461","post","type-post","status-publish","format-standard","has-post-thumbnail","hentry","category-locales","tag-afecta-a-jalapa","tag-frente-frio"],"gutentor_comment":0,"_links":{"self":[{"href":"https:\/\/www.notijalapa.net\/noticias\/wp-json\/wp\/v2\/posts\/10461","targetHints":{"allow":["GET"]}}],"collection":[{"href":"https:\/\/www.notijalapa.net\/noticias\/wp-json\/wp\/v2\/posts"}],"about":[{"href":"https:\/\/www.notijalapa.net\/noticias\/wp-json\/wp\/v2\/types\/post"}],"author":[{"embeddable":true,"href":"https:\/\/www.notijalapa.net\/noticias\/wp-json\/wp\/v2\/users\/2"}],"replies":[{"embeddable":true,"href":"https:\/\/www.notijalapa.net\/noticias\/wp-json\/wp\/v2\/comments?post=10461"}],"version-history":[{"count":2,"href":"https:\/\/www.notijalapa.net\/noticias\/wp-json\/wp\/v2\/posts\/10461\/revisions"}],"predecessor-version":[{"id":10467,"href":"https:\/\/www.notijalapa.net\/noticias\/wp-json\/wp\/v2\/posts\/10461\/revisions\/10467"}],"wp:featuredmedia":[{"embeddable":true,"href":"https:\/\/www.notijalapa.net\/noticias\/wp-json\/wp\/v2\/media\/10452"}],"wp:attachment":[{"href":"https:\/\/www.notijalapa.net\/noticias\/wp-json\/wp\/v2\/media?parent=10461"}],"wp:term":[{"taxonomy":"category","embeddable":true,"href":"https:\/\/www.notijalapa.net\/noticias\/wp-json\/wp\/v2\/categories?post=10461"},{"taxonomy":"post_tag","embeddable":true,"href":"https:\/\/www.notijalapa.net\/noticias\/wp-json\/wp\/v2\/tags?post=10461"}],"curies":[{"name":"wp","href":"https:\/\/api.w.org\/{rel}","templated":true}]}}