{"id":10370,"date":"2023-01-25T12:52:18","date_gmt":"2023-01-25T12:52:18","guid":{"rendered":"https:\/\/www.notijalapa.net\/noticias\/?p=10370"},"modified":"2023-01-25T13:03:23","modified_gmt":"2023-01-25T13:03:23","slug":"se-incrementan-las-enfermedades-respiratorias","status":"publish","type":"post","link":"https:\/\/www.notijalapa.net\/noticias\/2023\/01\/25\/se-incrementan-las-enfermedades-respiratorias\/","title":{"rendered":"Se incrementan las enfermedades respiratorias"},"content":{"rendered":"<p>En los primeros d\u00edas del a\u00f1o, les han presentado un incremento de resfriados o gripes, estas son com\u00fan en este tiempo por los diferentes cambios de clima que se han tenido en los \u00faltimos d\u00edas, seg\u00fan lo dio a conocer la Licda. Magda Casta\u00f1eda coordinadora de promoci\u00f3n del \u00c1rea de Salud.<\/p>\n<p><a href=\"https:\/\/www.notijalapa.net\/noticias\/2023\/01\/25\/dejar-que-sus-hijos-menores-de-edad-conduzcan-vehiculos-les-podria-causar-problemas-legales\/\">MIRA: Dejar que sus hijos menores de edad conduzcan veh\u00edculos les podr\u00eda causar problemas legales<\/a><\/p>\n<p>Se han tenido d\u00edas que amanece nublado, al mediod\u00eda el calor es muy fuerte y en la tarde se tienen la presencia de lluvia, por estos diversos cambios que hay en el clima muchas personas est\u00e1n padeciendo de enfermedades respiratorias.<\/p>\n<p><iframe loading=\"lazy\" title=\"Se Incrementan Las Enfermedades Respiratorias 1\" width=\"640\" height=\"360\" src=\"https:\/\/www.youtube.com\/embed\/O13ZhsGXSIE?feature=oembed\" frameborder=\"0\" allow=\"accelerometer; autoplay; clipboard-write; encrypted-media; gyroscope; picture-in-picture; web-share\" referrerpolicy=\"strict-origin-when-cross-origin\" allowfullscreen><\/iframe><\/p>\n<p>Como personal de salud recomienda a la poblaci\u00f3n jalapaneca abrigarse bien m\u00e1s a los ni\u00f1os y las personas de la tercera edad, quienes son los m\u00e1s propensos a sufrir enfermedades respiratorias y si est\u00e1n padeciendo que asistan a los servicios de salud m\u00e1s cercanos.<\/p>\n<p style=\"text-align: center;\"><iframe loading=\"lazy\" style=\"border: none; overflow: hidden;\" src=\"https:\/\/www.facebook.com\/plugins\/post.php?href=https%3A%2F%2Fwww.facebook.com%2Fpermalink.php%3Fstory_fbid%3Dpfbid0wVQs69DwduHQ3xupSC5BebBDgHQk66ngmGhoUSKDticNBqq4fhzAdiPqyY7wFjxQl%26id%3D100083158940816&amp;show_text=true&amp;width=500\" width=\"500\" height=\"545\" frameborder=\"0\" scrolling=\"no\" allowfullscreen=\"allowfullscreen\"><\/iframe><\/p>\n","protected":false},"excerpt":{"rendered":"<p>En los primeros d\u00edas del a\u00f1o, les han presentado un incremento de resfriados o gripes, estas son com\u00fan en este tiempo por los diferentes cambios de clima que se han tenido en los \u00faltimos d\u00edas, seg\u00fan lo dio a conocer la Licda. Magda Casta\u00f1eda coordinadora de promoci\u00f3n del \u00c1rea de Salud. MIRA: Dejar que sus hijos menores de edad conduzcan veh\u00edculos les podr\u00eda causar problemas legales Se han tenido d\u00edas que amanece nublado, al mediod\u00eda el calor es muy fuerte y en la tarde se tienen la presencia de lluvia,&hellip;<\/p>\n","protected":false},"author":2,"featured_media":10362,"comment_status":"open","ping_status":"open","sticky":false,"template":"","format":"standard","meta":{"footnotes":""},"categories":[3],"tags":[174,3073],"class_list":["post-10370","post","type-post","status-publish","format-standard","has-post-thumbnail","hentry","category-locales","tag-enfermedades-respiratorias","tag-se-incrementan"],"gutentor_comment":0,"_links":{"self":[{"href":"https:\/\/www.notijalapa.net\/noticias\/wp-json\/wp\/v2\/posts\/10370","targetHints":{"allow":["GET"]}}],"collection":[{"href":"https:\/\/www.notijalapa.net\/noticias\/wp-json\/wp\/v2\/posts"}],"about":[{"href":"https:\/\/www.notijalapa.net\/noticias\/wp-json\/wp\/v2\/types\/post"}],"author":[{"embeddable":true,"href":"https:\/\/www.notijalapa.net\/noticias\/wp-json\/wp\/v2\/users\/2"}],"replies":[{"embeddable":true,"href":"https:\/\/www.notijalapa.net\/noticias\/wp-json\/wp\/v2\/comments?post=10370"}],"version-history":[{"count":2,"href":"https:\/\/www.notijalapa.net\/noticias\/wp-json\/wp\/v2\/posts\/10370\/revisions"}],"predecessor-version":[{"id":10376,"href":"https:\/\/www.notijalapa.net\/noticias\/wp-json\/wp\/v2\/posts\/10370\/revisions\/10376"}],"wp:featuredmedia":[{"embeddable":true,"href":"https:\/\/www.notijalapa.net\/noticias\/wp-json\/wp\/v2\/media\/10362"}],"wp:attachment":[{"href":"https:\/\/www.notijalapa.net\/noticias\/wp-json\/wp\/v2\/media?parent=10370"}],"wp:term":[{"taxonomy":"category","embeddable":true,"href":"https:\/\/www.notijalapa.net\/noticias\/wp-json\/wp\/v2\/categories?post=10370"},{"taxonomy":"post_tag","embeddable":true,"href":"https:\/\/www.notijalapa.net\/noticias\/wp-json\/wp\/v2\/tags?post=10370"}],"curies":[{"name":"wp","href":"https:\/\/api.w.org\/{rel}","templated":true}]}}