{"id":10364,"date":"2023-01-25T12:50:31","date_gmt":"2023-01-25T12:50:31","guid":{"rendered":"https:\/\/www.notijalapa.net\/noticias\/?p=10364"},"modified":"2023-01-25T13:06:37","modified_gmt":"2023-01-25T13:06:37","slug":"dejar-que-sus-hijos-menores-de-edad-conduzcan-vehiculos-les-podria-causar-problemas-legales","status":"publish","type":"post","link":"https:\/\/www.notijalapa.net\/noticias\/2023\/01\/25\/dejar-que-sus-hijos-menores-de-edad-conduzcan-vehiculos-les-podria-causar-problemas-legales\/","title":{"rendered":"Dejar que sus hijos menores de edad conduzcan veh\u00edculos les podr\u00eda causar problemas legales"},"content":{"rendered":"<p>La ley de tr\u00e1nsito da el par\u00e1metro para tener licencias de conducir en concepto de menor de 18 a\u00f1os, para obtenerte una licencia juvenil deben de tener 16 a\u00f1os cumplidos, esto siempre con la responsabilidad de padres de familia o su representante legal, seg\u00fan lo dio a conocer el Lic. Luis M\u00e9ndez delegado de la Procuradur\u00eda General de la Naci\u00f3n.<\/p>\n<p><a href=\"https:\/\/www.notijalapa.net\/noticias\/2023\/01\/25\/se-incrementan-las-enfermedades-respiratorias\/\">MIRA: Se incrementan las enfermedades respiratorias<\/a><\/p>\n<p>Cuando hay accidentes de tr\u00e1nsito ocasionados por menores de 16 a\u00f1os, los padres de familia son los responsables colaterales de este accidente que haya ocasionado su hijo, se han dado caso en donde lamentablemente menores han sido los que han ocasionado estos accidentes y el Ministerio P\u00fablico debe de conocer y hacer todas las pesquisas respectivas.<\/p>\n<p><iframe loading=\"lazy\" title=\"Dejar Que Sus Hijos Menores De Edad Conduzcan Veh\u00edculos Les Podr\u00eda Causar Problemas Legales 1\" width=\"640\" height=\"360\" src=\"https:\/\/www.youtube.com\/embed\/e0AkjXaM_cE?feature=oembed\" frameborder=\"0\" allow=\"accelerometer; autoplay; clipboard-write; encrypted-media; gyroscope; picture-in-picture; web-share\" referrerpolicy=\"strict-origin-when-cross-origin\" allowfullscreen><\/iframe><\/p>\n<p>Ellos como PGN participaron en la audiencia de un hecho de tr\u00e1nsito ocasionado por un menor de edad y el padre de familia era el responsable y a quien se le sugiri\u00f3 que se hiciera responsable de los da\u00f1os y ante el juzgado se pidi\u00f3 que el padre se hiciera efectivo el pago de los da\u00f1os ocasionados.<\/p>\n<p>Por lo tanto, hace un llamado a todos los padres de familia para que no les den veh\u00edculos de dos y cuadro ruedas a sus hijos si a\u00fan no tienen los 16 a\u00f1os para tener una licencia de conducir, esto porque los responsables directamente son los padres de familia.<\/p>\n<p style=\"text-align: center;\"><iframe loading=\"lazy\" style=\"border: none; overflow: hidden;\" src=\"https:\/\/www.facebook.com\/plugins\/post.php?href=https%3A%2F%2Fwww.facebook.com%2Fpermalink.php%3Fstory_fbid%3Dpfbid02SmX6tBxX1sBZBpSrzM22R1t39g9ff9BDzk1G4whdXHUZS9oi7dQw7Y85vV9G14EEl%26id%3D100083158940816&amp;show_text=true&amp;width=500\" width=\"500\" height=\"794\" frameborder=\"0\" scrolling=\"no\" allowfullscreen=\"allowfullscreen\"><\/iframe><\/p>\n","protected":false},"excerpt":{"rendered":"<p>La ley de tr\u00e1nsito da el par\u00e1metro para tener licencias de conducir en concepto de menor de 18 a\u00f1os, para obtenerte una licencia juvenil deben de tener 16 a\u00f1os cumplidos, esto siempre con la responsabilidad de padres de familia o su representante legal, seg\u00fan lo dio a conocer el Lic. Luis M\u00e9ndez delegado de la Procuradur\u00eda General de la Naci\u00f3n. MIRA: Se incrementan las enfermedades respiratorias Cuando hay accidentes de tr\u00e1nsito ocasionados por menores de 16 a\u00f1os, los padres de familia son los responsables colaterales de este accidente que haya&hellip;<\/p>\n","protected":false},"author":2,"featured_media":10360,"comment_status":"open","ping_status":"open","sticky":false,"template":"","format":"standard","meta":{"footnotes":""},"categories":[3],"tags":[3068,3067],"class_list":["post-10364","post","type-post","status-publish","format-standard","has-post-thumbnail","hentry","category-locales","tag-conduzcan-vehiculos-les-podria-causar","tag-dejar-que-sus-hijos-menores-de-edad"],"gutentor_comment":0,"_links":{"self":[{"href":"https:\/\/www.notijalapa.net\/noticias\/wp-json\/wp\/v2\/posts\/10364","targetHints":{"allow":["GET"]}}],"collection":[{"href":"https:\/\/www.notijalapa.net\/noticias\/wp-json\/wp\/v2\/posts"}],"about":[{"href":"https:\/\/www.notijalapa.net\/noticias\/wp-json\/wp\/v2\/types\/post"}],"author":[{"embeddable":true,"href":"https:\/\/www.notijalapa.net\/noticias\/wp-json\/wp\/v2\/users\/2"}],"replies":[{"embeddable":true,"href":"https:\/\/www.notijalapa.net\/noticias\/wp-json\/wp\/v2\/comments?post=10364"}],"version-history":[{"count":2,"href":"https:\/\/www.notijalapa.net\/noticias\/wp-json\/wp\/v2\/posts\/10364\/revisions"}],"predecessor-version":[{"id":10379,"href":"https:\/\/www.notijalapa.net\/noticias\/wp-json\/wp\/v2\/posts\/10364\/revisions\/10379"}],"wp:featuredmedia":[{"embeddable":true,"href":"https:\/\/www.notijalapa.net\/noticias\/wp-json\/wp\/v2\/media\/10360"}],"wp:attachment":[{"href":"https:\/\/www.notijalapa.net\/noticias\/wp-json\/wp\/v2\/media?parent=10364"}],"wp:term":[{"taxonomy":"category","embeddable":true,"href":"https:\/\/www.notijalapa.net\/noticias\/wp-json\/wp\/v2\/categories?post=10364"},{"taxonomy":"post_tag","embeddable":true,"href":"https:\/\/www.notijalapa.net\/noticias\/wp-json\/wp\/v2\/tags?post=10364"}],"curies":[{"name":"wp","href":"https:\/\/api.w.org\/{rel}","templated":true}]}}