{"id":10358,"date":"2023-01-25T12:49:55","date_gmt":"2023-01-25T12:49:55","guid":{"rendered":"https:\/\/www.notijalapa.net\/noticias\/?p=10358"},"modified":"2023-01-25T13:07:57","modified_gmt":"2023-01-25T13:07:57","slug":"buscan-realizar-mas-ferias-de-activacion-economica-en-jalapa","status":"publish","type":"post","link":"https:\/\/www.notijalapa.net\/noticias\/2023\/01\/25\/buscan-realizar-mas-ferias-de-activacion-economica-en-jalapa\/","title":{"rendered":"Buscan realizar m\u00e1s ferias de activaci\u00f3n econ\u00f3mica en Jalapa"},"content":{"rendered":"<p>El a\u00f1o 2022 fue muy bueno para le econom\u00eda, esto a pesar de que ven\u00edamos de una pandemia del Covid-19, en donde logaron realizar varias ferias de emprendimiento no solo en el municipio de Jalapa, sino que, en los siete municipios del departamento, con el cual se logr\u00f3 reactivar la econom\u00eda, seg\u00fan lo dio a conocer el Lic. Marlon Ju\u00e1rez delegado del Ministerio de Econom\u00eda.<\/p>\n<p><a href=\"https:\/\/www.notijalapa.net\/noticias\/2023\/01\/25\/pgn-interviene-cuando-hay-menor-con-desnutricion\/\">MIRA: PGN interviene cuando hay menor con desnutrici\u00f3n<\/a><\/p>\n<p>Logaron cumplir con ciertos objetivos que tienen como ministerio, para este a\u00f1o ya han iniciado con las gestiones con el objetivo de que estas actividades se sigan realizando en el departamento, porque ha sido de mucho beneficio para los emprendedores del departamento de Jalapa, porque dan a conocer su producto y hacer negocios con otros empresarios.<\/p>\n<p><iframe loading=\"lazy\" title=\"Buscan Realizar M\u00e1s Ferias De Activaci\u00f3n Econ\u00f3mica En Jalapa 1\" width=\"640\" height=\"360\" src=\"https:\/\/www.youtube.com\/embed\/-ldZewqSxrU?feature=oembed\" frameborder=\"0\" allow=\"accelerometer; autoplay; clipboard-write; encrypted-media; gyroscope; picture-in-picture; web-share\" referrerpolicy=\"strict-origin-when-cross-origin\" allowfullscreen><\/iframe><\/p>\n<p>Con estas ferias se dan a conocer muchos emprendedores que no son de la cabecera departamental, sino que son de algunas comunidades de Jalapa, por lo tanto, las gestiones ya se est\u00e1n realizando para seguir realizando ferias de econom\u00eda.<\/p>\n<p style=\"text-align: center;\"><iframe loading=\"lazy\" style=\"border: none; overflow: hidden;\" src=\"https:\/\/www.facebook.com\/plugins\/post.php?href=https%3A%2F%2Fwww.facebook.com%2Fpermalink.php%3Fstory_fbid%3Dpfbid02iE2SKtaS12YBoDQdSc1rmCLqSGcZTbVheV4zzhCvrmhEqbCiaJddZ6w3r7NHgr9Rl%26id%3D100083158940816&amp;show_text=true&amp;width=500\" width=\"500\" height=\"545\" frameborder=\"0\" scrolling=\"no\" allowfullscreen=\"allowfullscreen\"><\/iframe><\/p>\n","protected":false},"excerpt":{"rendered":"<p>El a\u00f1o 2022 fue muy bueno para le econom\u00eda, esto a pesar de que ven\u00edamos de una pandemia del Covid-19, en donde logaron realizar varias ferias de emprendimiento no solo en el municipio de Jalapa, sino que, en los siete municipios del departamento, con el cual se logr\u00f3 reactivar la econom\u00eda, seg\u00fan lo dio a conocer el Lic. Marlon Ju\u00e1rez delegado del Ministerio de Econom\u00eda. MIRA: PGN interviene cuando hay menor con desnutrici\u00f3n Logaron cumplir con ciertos objetivos que tienen como ministerio, para este a\u00f1o ya han iniciado con las&hellip;<\/p>\n","protected":false},"author":2,"featured_media":10359,"comment_status":"open","ping_status":"open","sticky":false,"template":"","format":"standard","meta":{"footnotes":""},"categories":[3],"tags":[3065,3066],"class_list":["post-10358","post","type-post","status-publish","format-standard","has-post-thumbnail","hentry","category-locales","tag-buscan-realizar-mas-ferias","tag-de-activacion-economica-en-jalapa"],"gutentor_comment":0,"_links":{"self":[{"href":"https:\/\/www.notijalapa.net\/noticias\/wp-json\/wp\/v2\/posts\/10358","targetHints":{"allow":["GET"]}}],"collection":[{"href":"https:\/\/www.notijalapa.net\/noticias\/wp-json\/wp\/v2\/posts"}],"about":[{"href":"https:\/\/www.notijalapa.net\/noticias\/wp-json\/wp\/v2\/types\/post"}],"author":[{"embeddable":true,"href":"https:\/\/www.notijalapa.net\/noticias\/wp-json\/wp\/v2\/users\/2"}],"replies":[{"embeddable":true,"href":"https:\/\/www.notijalapa.net\/noticias\/wp-json\/wp\/v2\/comments?post=10358"}],"version-history":[{"count":2,"href":"https:\/\/www.notijalapa.net\/noticias\/wp-json\/wp\/v2\/posts\/10358\/revisions"}],"predecessor-version":[{"id":10380,"href":"https:\/\/www.notijalapa.net\/noticias\/wp-json\/wp\/v2\/posts\/10358\/revisions\/10380"}],"wp:featuredmedia":[{"embeddable":true,"href":"https:\/\/www.notijalapa.net\/noticias\/wp-json\/wp\/v2\/media\/10359"}],"wp:attachment":[{"href":"https:\/\/www.notijalapa.net\/noticias\/wp-json\/wp\/v2\/media?parent=10358"}],"wp:term":[{"taxonomy":"category","embeddable":true,"href":"https:\/\/www.notijalapa.net\/noticias\/wp-json\/wp\/v2\/categories?post=10358"},{"taxonomy":"post_tag","embeddable":true,"href":"https:\/\/www.notijalapa.net\/noticias\/wp-json\/wp\/v2\/tags?post=10358"}],"curies":[{"name":"wp","href":"https:\/\/api.w.org\/{rel}","templated":true}]}}