{"id":10312,"date":"2023-01-21T13:01:11","date_gmt":"2023-01-21T13:01:11","guid":{"rendered":"https:\/\/www.notijalapa.net\/noticias\/?p=10312"},"modified":"2023-01-21T13:08:56","modified_gmt":"2023-01-21T13:08:56","slug":"centros-educativos-tienen-muchas-debilidades","status":"publish","type":"post","link":"https:\/\/www.notijalapa.net\/noticias\/2023\/01\/21\/centros-educativos-tienen-muchas-debilidades\/","title":{"rendered":"Centros educativos tienen muchas debilidades"},"content":{"rendered":"<p>Est\u00e1n realizando una evaluaci\u00f3n diagnostica en cada uno de los centros educativos del departamento de Jalapa, hay muchas debilidades y que talvez como Ministerio de Educaci\u00f3n no podr\u00edan cubrir al cien por ciento, seg\u00fan lo manifest\u00f3 la Licda. Jeakeline Ruano V\u00e1squez directora Departamental de Educaci\u00f3n.<\/p>\n<p><a href=\"https:\/\/www.notijalapa.net\/noticias\/2023\/01\/21\/esperan-que-la-escuela-para-padres-inicie-a-funcionar-nuevamente-este-ano\/\">MIRA: Esperan que la escuela para padres inicie a funcionar nuevamente este a\u00f1o<\/a><\/p>\n<p>Instan a las gestiones municipales para que les brinden apoyo para ir mejorando los centros educativos, as\u00ed mismo, a las organizaciones de padres de familia para que los apoyen con diversas gestiones y mejorar cada una de las instalaciones.<\/p>\n<p><iframe loading=\"lazy\" title=\"Centros Educativos Tienen Muchas Debilidades 1\" width=\"640\" height=\"360\" src=\"https:\/\/www.youtube.com\/embed\/Q8e57fMkrGg?feature=oembed\" frameborder=\"0\" allow=\"accelerometer; autoplay; clipboard-write; encrypted-media; gyroscope; picture-in-picture; web-share\" referrerpolicy=\"strict-origin-when-cross-origin\" allowfullscreen><\/iframe><\/p>\n<p>Van a buscar la manera que todas las debilidades con las que cuentan en los centros educativos de infraestructura, falta de docentes, pupitres, pizarrones, entre otras cosas que son fundamentales para brindar el proceso de ense\u00f1anza y aprendizaje se mejoren.<\/p>\n<p style=\"text-align: center;\"><iframe loading=\"lazy\" style=\"border: none; overflow: hidden;\" src=\"https:\/\/www.facebook.com\/plugins\/post.php?href=https%3A%2F%2Fwww.facebook.com%2Fpermalink.php%3Fstory_fbid%3Dpfbid02rmjBhd7xg3DrmQV9tVydxTniAx9vsPTF3g1FXexBhgnAzjvMnCSt9Zf5Em5ZzfJ7l%26id%3D100083158940816&amp;show_text=true&amp;width=500\" width=\"500\" height=\"711\" frameborder=\"0\" scrolling=\"no\" allowfullscreen=\"allowfullscreen\"><\/iframe><\/p>\n","protected":false},"excerpt":{"rendered":"<p>Est\u00e1n realizando una evaluaci\u00f3n diagnostica en cada uno de los centros educativos del departamento de Jalapa, hay muchas debilidades y que talvez como Ministerio de Educaci\u00f3n no podr\u00edan cubrir al cien por ciento, seg\u00fan lo manifest\u00f3 la Licda. Jeakeline Ruano V\u00e1squez directora Departamental de Educaci\u00f3n. MIRA: Esperan que la escuela para padres inicie a funcionar nuevamente este a\u00f1o Instan a las gestiones municipales para que les brinden apoyo para ir mejorando los centros educativos, as\u00ed mismo, a las organizaciones de padres de familia para que los apoyen con diversas gestiones&hellip;<\/p>\n","protected":false},"author":2,"featured_media":10302,"comment_status":"open","ping_status":"open","sticky":false,"template":"","format":"standard","meta":{"footnotes":""},"categories":[3],"tags":[1015,3053],"class_list":["post-10312","post","type-post","status-publish","format-standard","has-post-thumbnail","hentry","category-locales","tag-centros-educativos","tag-tienen-muchas-debilidades"],"gutentor_comment":0,"_links":{"self":[{"href":"https:\/\/www.notijalapa.net\/noticias\/wp-json\/wp\/v2\/posts\/10312","targetHints":{"allow":["GET"]}}],"collection":[{"href":"https:\/\/www.notijalapa.net\/noticias\/wp-json\/wp\/v2\/posts"}],"about":[{"href":"https:\/\/www.notijalapa.net\/noticias\/wp-json\/wp\/v2\/types\/post"}],"author":[{"embeddable":true,"href":"https:\/\/www.notijalapa.net\/noticias\/wp-json\/wp\/v2\/users\/2"}],"replies":[{"embeddable":true,"href":"https:\/\/www.notijalapa.net\/noticias\/wp-json\/wp\/v2\/comments?post=10312"}],"version-history":[{"count":3,"href":"https:\/\/www.notijalapa.net\/noticias\/wp-json\/wp\/v2\/posts\/10312\/revisions"}],"predecessor-version":[{"id":10315,"href":"https:\/\/www.notijalapa.net\/noticias\/wp-json\/wp\/v2\/posts\/10312\/revisions\/10315"}],"wp:featuredmedia":[{"embeddable":true,"href":"https:\/\/www.notijalapa.net\/noticias\/wp-json\/wp\/v2\/media\/10302"}],"wp:attachment":[{"href":"https:\/\/www.notijalapa.net\/noticias\/wp-json\/wp\/v2\/media?parent=10312"}],"wp:term":[{"taxonomy":"category","embeddable":true,"href":"https:\/\/www.notijalapa.net\/noticias\/wp-json\/wp\/v2\/categories?post=10312"},{"taxonomy":"post_tag","embeddable":true,"href":"https:\/\/www.notijalapa.net\/noticias\/wp-json\/wp\/v2\/tags?post=10312"}],"curies":[{"name":"wp","href":"https:\/\/api.w.org\/{rel}","templated":true}]}}